{"id":744,"date":"2025-10-28T09:27:40","date_gmt":"2025-10-28T09:27:40","guid":{"rendered":"https:\/\/mpbikers.pl\/?p=744"},"modified":"2026-04-13T05:35:07","modified_gmt":"2026-04-13T05:35:07","slug":"uroczystosc-zalozenia-torunskiego-zandarmskiego-klubu-motocyklowego","status":"publish","type":"post","link":"https:\/\/mpbikers.pl\/?p=744","title":{"rendered":"Uroczysto\u015b\u0107 Za\u0142o\u017cenia Toru\u0144skiego \u017bandarmskiego Klubu Motocyklowego."},"content":{"rendered":"\n<figure class=\"wp-block-image size-full\"><img fetchpriority=\"high\" decoding=\"async\" width=\"1020\" height=\"678\" src=\"https:\/\/mpbikers.pl\/wp-content\/uploads\/2025\/10\/Zalozenie_1.jpg\" alt=\"\" class=\"wp-image-745\" srcset=\"https:\/\/mpbikers.pl\/wp-content\/uploads\/2025\/10\/Zalozenie_1.jpg 1020w, https:\/\/mpbikers.pl\/wp-content\/uploads\/2025\/10\/Zalozenie_1-300x199.jpg 300w, https:\/\/mpbikers.pl\/wp-content\/uploads\/2025\/10\/Zalozenie_1-768x510.jpg 768w\" sizes=\"(max-width: 1020px) 100vw, 1020px\" \/><\/figure>\n\n\n\n<div class=\"wp-block-columns is-layout-flex wp-container-core-columns-is-layout-9d6595d7 wp-block-columns-is-layout-flex\">\n<div class=\"wp-block-column is-layout-flow wp-block-column-is-layout-flow\">\n<figure class=\"wp-block-image size-full\"><img decoding=\"async\" width=\"900\" height=\"595\" src=\"https:\/\/mpbikers.pl\/wp-content\/uploads\/2025\/10\/11.webp\" alt=\"\" class=\"wp-image-746\" srcset=\"https:\/\/mpbikers.pl\/wp-content\/uploads\/2025\/10\/11.webp 900w, https:\/\/mpbikers.pl\/wp-content\/uploads\/2025\/10\/11-300x198.webp 300w, https:\/\/mpbikers.pl\/wp-content\/uploads\/2025\/10\/11-768x508.webp 768w\" sizes=\"(max-width: 900px) 100vw, 900px\" \/><\/figure>\n<\/div>\n\n\n\n<div class=\"wp-block-column is-layout-flow wp-block-column-is-layout-flow\">\n<p>\u017bandarmski Klub Motocyklowy dzia\u0142a od 26 lutego 2014 roku. Zrzesza on \u017co\u0142nierzy, rezerwist\u00f3w oraz sympatyk\u00f3w \u017bandarmerii Wojskowej. Klub promuje nasz\u0105 formacj\u0119, wsp\u00f3\u0142pracuje z innymi s\u0142u\u017cbami mundurowymi, a jego celem jest mi\u0119dzy innymi upami\u0119tnienie poleg\u0142ych \u017co\u0142nierzy \u017candarm\u00f3w, kt\u00f3rzy po\u015bwi\u0119cili swoje \u017cycie Ojczy\u017anie oraz upowszechnianie wiedzy na temat dzia\u0142a\u0144 poza granicami pa\u0144stwa oraz popularyzowanie postawy patriotycznej, a tak\u017ce promowanie bezpiecznej jazdy.<br>Oddzia\u0142 \u017bandarmskiego Klubu Motocyklowego w Toruniu obejmuje swoim zasi\u0119giem woj. kujawsko &#8211; pomorskie i wielkopolskie, a jego prezydentem zosta\u0142 st. chor. szt. rez. Artur Ka\u017amierczak, kt\u00f3ry otrzyma\u0142 z r\u0105k prezydenta Torunia Paw\u0142a Gulewskiego proporzec jako rozpoznawalny znak z herbem Torunia i symbolami \u017bandarmerii. W uroczysto\u015bci uczestniczyli zast\u0119pca komendanta Oddzia\u0142u \u017bW w Bydgoszczy pp\u0142k Wojciech Koz\u0142owski oraz komendant Wydzia\u0142u \u017bW w Poznaniu pp\u0142k Mariola Szymczak.<\/p>\n<\/div>\n<\/div>\n\n\n\n<figure class=\"wp-block-gallery has-nested-images columns-default is-cropped wp-block-gallery-1 is-layout-flex wp-block-gallery-is-layout-flex\">\n<figure class=\"wp-block-image size-large\"><img decoding=\"async\" width=\"1024\" height=\"682\" data-id=\"751\" src=\"https:\/\/mpbikers.pl\/wp-content\/uploads\/2025\/10\/55-1-1024x682.jpg\" alt=\"\" class=\"wp-image-751\" srcset=\"https:\/\/mpbikers.pl\/wp-content\/uploads\/2025\/10\/55-1-1024x682.jpg 1024w, https:\/\/mpbikers.pl\/wp-content\/uploads\/2025\/10\/55-1-300x200.jpg 300w, https:\/\/mpbikers.pl\/wp-content\/uploads\/2025\/10\/55-1-768x512.jpg 768w, https:\/\/mpbikers.pl\/wp-content\/uploads\/2025\/10\/55-1.jpg 1280w\" sizes=\"(max-width: 1024px) 100vw, 1024px\" \/><\/figure>\n\n\n\n<figure class=\"wp-block-image size-large\"><img loading=\"lazy\" decoding=\"async\" width=\"900\" height=\"595\" data-id=\"752\" src=\"https:\/\/mpbikers.pl\/wp-content\/uploads\/2025\/10\/44-1.webp\" alt=\"\" class=\"wp-image-752\" srcset=\"https:\/\/mpbikers.pl\/wp-content\/uploads\/2025\/10\/44-1.webp 900w, https:\/\/mpbikers.pl\/wp-content\/uploads\/2025\/10\/44-1-300x198.webp 300w, https:\/\/mpbikers.pl\/wp-content\/uploads\/2025\/10\/44-1-768x508.webp 768w\" sizes=\"(max-width: 900px) 100vw, 900px\" \/><\/figure>\n\n\n\n<figure class=\"wp-block-image size-large\"><img loading=\"lazy\" decoding=\"async\" width=\"900\" height=\"595\" data-id=\"754\" src=\"https:\/\/mpbikers.pl\/wp-content\/uploads\/2025\/10\/33-1.webp\" alt=\"\" class=\"wp-image-754\" srcset=\"https:\/\/mpbikers.pl\/wp-content\/uploads\/2025\/10\/33-1.webp 900w, https:\/\/mpbikers.pl\/wp-content\/uploads\/2025\/10\/33-1-300x198.webp 300w, https:\/\/mpbikers.pl\/wp-content\/uploads\/2025\/10\/33-1-768x508.webp 768w\" sizes=\"(max-width: 900px) 100vw, 900px\" \/><\/figure>\n\n\n\n<figure class=\"wp-block-image size-large\"><img loading=\"lazy\" decoding=\"async\" width=\"900\" height=\"581\" data-id=\"753\" src=\"https:\/\/mpbikers.pl\/wp-content\/uploads\/2025\/10\/22-1.webp\" alt=\"\" class=\"wp-image-753\" srcset=\"https:\/\/mpbikers.pl\/wp-content\/uploads\/2025\/10\/22-1.webp 900w, https:\/\/mpbikers.pl\/wp-content\/uploads\/2025\/10\/22-1-300x194.webp 300w, https:\/\/mpbikers.pl\/wp-content\/uploads\/2025\/10\/22-1-768x496.webp 768w\" sizes=\"(max-width: 900px) 100vw, 900px\" \/><\/figure>\n<\/figure>\n","protected":false},"excerpt":{"rendered":"<p>\u017bandarmski Klub Motocyklowy dzia\u0142a od 26 lutego 2014 roku. Zrzesza on \u017co\u0142nierzy, rezerwist\u00f3w oraz sympatyk\u00f3w \u017bandarmerii Wojskowej. Klub promuje nasz\u0105 formacj\u0119, wsp\u00f3\u0142pracuje z innymi s\u0142u\u017cbami mundurowymi, a jego celem jest mi\u0119dzy innymi upami\u0119tnienie poleg\u0142ych \u017co\u0142nierzy \u017candarm\u00f3w, kt\u00f3rzy po\u015bwi\u0119cili swoje \u017cycie Ojczy\u017anie oraz upowszechnianie wiedzy na temat dzia\u0142a\u0144 poza granicami pa\u0144stwa oraz popularyzowanie postawy patriotycznej, a [&hellip;]<\/p>\n","protected":false},"author":1,"featured_media":750,"comment_status":"open","ping_status":"open","sticky":false,"template":"","format":"standard","meta":{"ocean_post_layout":"","ocean_both_sidebars_style":"","ocean_both_sidebars_content_width":0,"ocean_both_sidebars_sidebars_width":0,"ocean_sidebar":"","ocean_second_sidebar":"","ocean_disable_margins":"enable","ocean_add_body_class":"","ocean_shortcode_before_top_bar":"","ocean_shortcode_after_top_bar":"","ocean_shortcode_before_header":"","ocean_shortcode_after_header":"","ocean_has_shortcode":"","ocean_shortcode_after_title":"","ocean_shortcode_before_footer_widgets":"","ocean_shortcode_after_footer_widgets":"","ocean_shortcode_before_footer_bottom":"","ocean_shortcode_after_footer_bottom":"","ocean_display_top_bar":"default","ocean_display_header":"default","ocean_header_style":"","ocean_center_header_left_menu":"","ocean_custom_header_template":"","ocean_custom_logo":0,"ocean_custom_retina_logo":0,"ocean_custom_logo_max_width":0,"ocean_custom_logo_tablet_max_width":0,"ocean_custom_logo_mobile_max_width":0,"ocean_custom_logo_max_height":0,"ocean_custom_logo_tablet_max_height":0,"ocean_custom_logo_mobile_max_height":0,"ocean_header_custom_menu":"","ocean_menu_typo_font_family":"","ocean_menu_typo_font_subset":"","ocean_menu_typo_font_size":0,"ocean_menu_typo_font_size_tablet":0,"ocean_menu_typo_font_size_mobile":0,"ocean_menu_typo_font_size_unit":"px","ocean_menu_typo_font_weight":"","ocean_menu_typo_font_weight_tablet":"","ocean_menu_typo_font_weight_mobile":"","ocean_menu_typo_transform":"","ocean_menu_typo_transform_tablet":"","ocean_menu_typo_transform_mobile":"","ocean_menu_typo_line_height":0,"ocean_menu_typo_line_height_tablet":0,"ocean_menu_typo_line_height_mobile":0,"ocean_menu_typo_line_height_unit":"","ocean_menu_typo_spacing":0,"ocean_menu_typo_spacing_tablet":0,"ocean_menu_typo_spacing_mobile":0,"ocean_menu_typo_spacing_unit":"","ocean_menu_link_color":"","ocean_menu_link_color_hover":"","ocean_menu_link_color_active":"","ocean_menu_link_background":"","ocean_menu_link_hover_background":"","ocean_menu_link_active_background":"","ocean_menu_social_links_bg":"","ocean_menu_social_hover_links_bg":"","ocean_menu_social_links_color":"","ocean_menu_social_hover_links_color":"","ocean_disable_title":"default","ocean_disable_heading":"default","ocean_post_title":"","ocean_post_subheading":"","ocean_post_title_style":"","ocean_post_title_background_color":"","ocean_post_title_background":0,"ocean_post_title_bg_image_position":"","ocean_post_title_bg_image_attachment":"","ocean_post_title_bg_image_repeat":"","ocean_post_title_bg_image_size":"","ocean_post_title_height":0,"ocean_post_title_bg_overlay":0.5,"ocean_post_title_bg_overlay_color":"","ocean_disable_breadcrumbs":"default","ocean_breadcrumbs_color":"","ocean_breadcrumbs_separator_color":"","ocean_breadcrumbs_links_color":"","ocean_breadcrumbs_links_hover_color":"","ocean_display_footer_widgets":"default","ocean_display_footer_bottom":"default","ocean_custom_footer_template":"","omw_enable_modal_window":"enable","ocean_post_oembed":"","ocean_post_self_hosted_media":"","ocean_post_video_embed":"","ocean_link_format":"","ocean_link_format_target":"self","ocean_quote_format":"","ocean_quote_format_link":"post","ocean_gallery_link_images":"on","ocean_gallery_id":[],"footnotes":""},"categories":[1],"tags":[],"class_list":["post-744","post","type-post","status-publish","format-standard","has-post-thumbnail","hentry","category-wydarzenia","entry","has-media"],"yoast_head":"<!-- This site is optimized with the Yoast SEO plugin v27.4 - https:\/\/yoast.com\/product\/yoast-seo-wordpress\/ -->\n<title>Uroczysto\u015b\u0107 Za\u0142o\u017cenia Toru\u0144skiego \u017bandarmskiego Klubu Motocyklowego. - Toru\u0144ski \u017bandarmski Klub Motocyklowy<\/title>\n<meta name=\"robots\" content=\"index, follow, max-snippet:-1, max-image-preview:large, max-video-preview:-1\" \/>\n<link rel=\"canonical\" href=\"https:\/\/mpbikers.pl\/?p=744\" \/>\n<meta property=\"og:locale\" content=\"pl_PL\" \/>\n<meta property=\"og:type\" content=\"article\" \/>\n<meta property=\"og:title\" content=\"Uroczysto\u015b\u0107 Za\u0142o\u017cenia Toru\u0144skiego \u017bandarmskiego Klubu Motocyklowego. - Toru\u0144ski \u017bandarmski Klub Motocyklowy\" \/>\n<meta property=\"og:description\" content=\"\u017bandarmski Klub Motocyklowy dzia\u0142a od 26 lutego 2014 roku. Zrzesza on \u017co\u0142nierzy, rezerwist\u00f3w oraz sympatyk\u00f3w \u017bandarmerii Wojskowej. Klub promuje nasz\u0105 formacj\u0119, wsp\u00f3\u0142pracuje z innymi s\u0142u\u017cbami mundurowymi, a jego celem jest mi\u0119dzy innymi upami\u0119tnienie poleg\u0142ych \u017co\u0142nierzy \u017candarm\u00f3w, kt\u00f3rzy po\u015bwi\u0119cili swoje \u017cycie Ojczy\u017anie oraz upowszechnianie wiedzy na temat dzia\u0142a\u0144 poza granicami pa\u0144stwa oraz popularyzowanie postawy patriotycznej, a [&hellip;]\" \/>\n<meta property=\"og:url\" content=\"https:\/\/mpbikers.pl\/?p=744\" \/>\n<meta property=\"og:site_name\" content=\"Toru\u0144ski \u017bandarmski Klub Motocyklowy\" \/>\n<meta property=\"article:published_time\" content=\"2025-10-28T09:27:40+00:00\" \/>\n<meta property=\"article:modified_time\" content=\"2026-04-13T05:35:07+00:00\" \/>\n<meta property=\"og:image\" content=\"https:\/\/mpbikers.pl\/wp-content\/uploads\/2025\/10\/55.jpg\" \/>\n\t<meta property=\"og:image:width\" content=\"1280\" \/>\n\t<meta property=\"og:image:height\" content=\"853\" \/>\n\t<meta property=\"og:image:type\" content=\"image\/jpeg\" \/>\n<meta name=\"author\" content=\"admin\" \/>\n<meta name=\"twitter:card\" content=\"summary_large_image\" \/>\n<meta name=\"twitter:label1\" content=\"Napisane przez\" \/>\n\t<meta name=\"twitter:data1\" content=\"admin\" \/>\n\t<meta name=\"twitter:label2\" content=\"Szacowany czas czytania\" \/>\n\t<meta name=\"twitter:data2\" content=\"3 minuty\" \/>\n<script type=\"application\/ld+json\" class=\"yoast-schema-graph\">{\"@context\":\"https:\\\/\\\/schema.org\",\"@graph\":[{\"@type\":\"Article\",\"@id\":\"https:\\\/\\\/mpbikers.pl\\\/?p=744#article\",\"isPartOf\":{\"@id\":\"https:\\\/\\\/mpbikers.pl\\\/?p=744\"},\"author\":{\"name\":\"admin\",\"@id\":\"https:\\\/\\\/mpbikers.pl\\\/#\\\/schema\\\/person\\\/48aeac13684c590d2751653a336a04c8\"},\"headline\":\"Uroczysto\u015b\u0107 Za\u0142o\u017cenia Toru\u0144skiego \u017bandarmskiego Klubu Motocyklowego.\",\"datePublished\":\"2025-10-28T09:27:40+00:00\",\"dateModified\":\"2026-04-13T05:35:07+00:00\",\"mainEntityOfPage\":{\"@id\":\"https:\\\/\\\/mpbikers.pl\\\/?p=744\"},\"wordCount\":161,\"commentCount\":0,\"publisher\":{\"@id\":\"https:\\\/\\\/mpbikers.pl\\\/#organization\"},\"image\":{\"@id\":\"https:\\\/\\\/mpbikers.pl\\\/?p=744#primaryimage\"},\"thumbnailUrl\":\"https:\\\/\\\/mpbikers.pl\\\/wp-content\\\/uploads\\\/2025\\\/10\\\/55.jpg\",\"articleSection\":[\"Wydarzenia\"],\"inLanguage\":\"pl-PL\",\"potentialAction\":[{\"@type\":\"CommentAction\",\"name\":\"Comment\",\"target\":[\"https:\\\/\\\/mpbikers.pl\\\/?p=744#respond\"]}]},{\"@type\":\"WebPage\",\"@id\":\"https:\\\/\\\/mpbikers.pl\\\/?p=744\",\"url\":\"https:\\\/\\\/mpbikers.pl\\\/?p=744\",\"name\":\"Uroczysto\u015b\u0107 Za\u0142o\u017cenia Toru\u0144skiego \u017bandarmskiego Klubu Motocyklowego. - Toru\u0144ski \u017bandarmski Klub Motocyklowy\",\"isPartOf\":{\"@id\":\"https:\\\/\\\/mpbikers.pl\\\/#website\"},\"primaryImageOfPage\":{\"@id\":\"https:\\\/\\\/mpbikers.pl\\\/?p=744#primaryimage\"},\"image\":{\"@id\":\"https:\\\/\\\/mpbikers.pl\\\/?p=744#primaryimage\"},\"thumbnailUrl\":\"https:\\\/\\\/mpbikers.pl\\\/wp-content\\\/uploads\\\/2025\\\/10\\\/55.jpg\",\"datePublished\":\"2025-10-28T09:27:40+00:00\",\"dateModified\":\"2026-04-13T05:35:07+00:00\",\"breadcrumb\":{\"@id\":\"https:\\\/\\\/mpbikers.pl\\\/?p=744#breadcrumb\"},\"inLanguage\":\"pl-PL\",\"potentialAction\":[{\"@type\":\"ReadAction\",\"target\":[\"https:\\\/\\\/mpbikers.pl\\\/?p=744\"]}]},{\"@type\":\"ImageObject\",\"inLanguage\":\"pl-PL\",\"@id\":\"https:\\\/\\\/mpbikers.pl\\\/?p=744#primaryimage\",\"url\":\"https:\\\/\\\/mpbikers.pl\\\/wp-content\\\/uploads\\\/2025\\\/10\\\/55.jpg\",\"contentUrl\":\"https:\\\/\\\/mpbikers.pl\\\/wp-content\\\/uploads\\\/2025\\\/10\\\/55.jpg\",\"width\":1280,\"height\":853},{\"@type\":\"BreadcrumbList\",\"@id\":\"https:\\\/\\\/mpbikers.pl\\\/?p=744#breadcrumb\",\"itemListElement\":[{\"@type\":\"ListItem\",\"position\":1,\"name\":\"Strona g\u0142\u00f3wna\",\"item\":\"https:\\\/\\\/mpbikers.pl\\\/\"},{\"@type\":\"ListItem\",\"position\":2,\"name\":\"Uroczysto\u015b\u0107 Za\u0142o\u017cenia Toru\u0144skiego \u017bandarmskiego Klubu Motocyklowego.\"}]},{\"@type\":\"WebSite\",\"@id\":\"https:\\\/\\\/mpbikers.pl\\\/#website\",\"url\":\"https:\\\/\\\/mpbikers.pl\\\/\",\"name\":\"Toru\u0144ski \u017bandarmski Klub Motocyklowy\",\"description\":\"Z pasj\u0105 do motocykli\",\"publisher\":{\"@id\":\"https:\\\/\\\/mpbikers.pl\\\/#organization\"},\"potentialAction\":[{\"@type\":\"SearchAction\",\"target\":{\"@type\":\"EntryPoint\",\"urlTemplate\":\"https:\\\/\\\/mpbikers.pl\\\/?s={search_term_string}\"},\"query-input\":{\"@type\":\"PropertyValueSpecification\",\"valueRequired\":true,\"valueName\":\"search_term_string\"}}],\"inLanguage\":\"pl-PL\"},{\"@type\":\"Organization\",\"@id\":\"https:\\\/\\\/mpbikers.pl\\\/#organization\",\"name\":\"Toru\u0144ski \u017bandarmski Klub Motocyklowy\",\"url\":\"https:\\\/\\\/mpbikers.pl\\\/\",\"logo\":{\"@type\":\"ImageObject\",\"inLanguage\":\"pl-PL\",\"@id\":\"https:\\\/\\\/mpbikers.pl\\\/#\\\/schema\\\/logo\\\/image\\\/\",\"url\":\"https:\\\/\\\/mpbikers.pl\\\/wp-content\\\/uploads\\\/2025\\\/10\\\/cropped-cropped-godlo-scaled-1.png\",\"contentUrl\":\"https:\\\/\\\/mpbikers.pl\\\/wp-content\\\/uploads\\\/2025\\\/10\\\/cropped-cropped-godlo-scaled-1.png\",\"width\":2557,\"height\":1537,\"caption\":\"Toru\u0144ski \u017bandarmski Klub Motocyklowy\"},\"image\":{\"@id\":\"https:\\\/\\\/mpbikers.pl\\\/#\\\/schema\\\/logo\\\/image\\\/\"}},{\"@type\":\"Person\",\"@id\":\"https:\\\/\\\/mpbikers.pl\\\/#\\\/schema\\\/person\\\/48aeac13684c590d2751653a336a04c8\",\"name\":\"admin\",\"image\":{\"@type\":\"ImageObject\",\"inLanguage\":\"pl-PL\",\"@id\":\"https:\\\/\\\/secure.gravatar.com\\\/avatar\\\/41b34271d518d5ad4caf4ab6e579852dca5d15d22133c412a7b09b57908f7fa9?s=96&d=mm&r=g\",\"url\":\"https:\\\/\\\/secure.gravatar.com\\\/avatar\\\/41b34271d518d5ad4caf4ab6e579852dca5d15d22133c412a7b09b57908f7fa9?s=96&d=mm&r=g\",\"contentUrl\":\"https:\\\/\\\/secure.gravatar.com\\\/avatar\\\/41b34271d518d5ad4caf4ab6e579852dca5d15d22133c412a7b09b57908f7fa9?s=96&d=mm&r=g\",\"caption\":\"admin\"},\"sameAs\":[\"http:\\\/\\\/mpbikers.pl\"],\"url\":\"https:\\\/\\\/mpbikers.pl\\\/?author=1\"}]}<\/script>\n<!-- \/ Yoast SEO plugin. -->","yoast_head_json":{"title":"Uroczysto\u015b\u0107 Za\u0142o\u017cenia Toru\u0144skiego \u017bandarmskiego Klubu Motocyklowego. - Toru\u0144ski \u017bandarmski Klub Motocyklowy","robots":{"index":"index","follow":"follow","max-snippet":"max-snippet:-1","max-image-preview":"max-image-preview:large","max-video-preview":"max-video-preview:-1"},"canonical":"https:\/\/mpbikers.pl\/?p=744","og_locale":"pl_PL","og_type":"article","og_title":"Uroczysto\u015b\u0107 Za\u0142o\u017cenia Toru\u0144skiego \u017bandarmskiego Klubu Motocyklowego. - Toru\u0144ski \u017bandarmski Klub Motocyklowy","og_description":"\u017bandarmski Klub Motocyklowy dzia\u0142a od 26 lutego 2014 roku. Zrzesza on \u017co\u0142nierzy, rezerwist\u00f3w oraz sympatyk\u00f3w \u017bandarmerii Wojskowej. Klub promuje nasz\u0105 formacj\u0119, wsp\u00f3\u0142pracuje z innymi s\u0142u\u017cbami mundurowymi, a jego celem jest mi\u0119dzy innymi upami\u0119tnienie poleg\u0142ych \u017co\u0142nierzy \u017candarm\u00f3w, kt\u00f3rzy po\u015bwi\u0119cili swoje \u017cycie Ojczy\u017anie oraz upowszechnianie wiedzy na temat dzia\u0142a\u0144 poza granicami pa\u0144stwa oraz popularyzowanie postawy patriotycznej, a [&hellip;]","og_url":"https:\/\/mpbikers.pl\/?p=744","og_site_name":"Toru\u0144ski \u017bandarmski Klub Motocyklowy","article_published_time":"2025-10-28T09:27:40+00:00","article_modified_time":"2026-04-13T05:35:07+00:00","og_image":[{"width":1280,"height":853,"url":"https:\/\/mpbikers.pl\/wp-content\/uploads\/2025\/10\/55.jpg","type":"image\/jpeg"}],"author":"admin","twitter_card":"summary_large_image","twitter_misc":{"Napisane przez":"admin","Szacowany czas czytania":"3 minuty"},"schema":{"@context":"https:\/\/schema.org","@graph":[{"@type":"Article","@id":"https:\/\/mpbikers.pl\/?p=744#article","isPartOf":{"@id":"https:\/\/mpbikers.pl\/?p=744"},"author":{"name":"admin","@id":"https:\/\/mpbikers.pl\/#\/schema\/person\/48aeac13684c590d2751653a336a04c8"},"headline":"Uroczysto\u015b\u0107 Za\u0142o\u017cenia Toru\u0144skiego \u017bandarmskiego Klubu Motocyklowego.","datePublished":"2025-10-28T09:27:40+00:00","dateModified":"2026-04-13T05:35:07+00:00","mainEntityOfPage":{"@id":"https:\/\/mpbikers.pl\/?p=744"},"wordCount":161,"commentCount":0,"publisher":{"@id":"https:\/\/mpbikers.pl\/#organization"},"image":{"@id":"https:\/\/mpbikers.pl\/?p=744#primaryimage"},"thumbnailUrl":"https:\/\/mpbikers.pl\/wp-content\/uploads\/2025\/10\/55.jpg","articleSection":["Wydarzenia"],"inLanguage":"pl-PL","potentialAction":[{"@type":"CommentAction","name":"Comment","target":["https:\/\/mpbikers.pl\/?p=744#respond"]}]},{"@type":"WebPage","@id":"https:\/\/mpbikers.pl\/?p=744","url":"https:\/\/mpbikers.pl\/?p=744","name":"Uroczysto\u015b\u0107 Za\u0142o\u017cenia Toru\u0144skiego \u017bandarmskiego Klubu Motocyklowego. - Toru\u0144ski \u017bandarmski Klub Motocyklowy","isPartOf":{"@id":"https:\/\/mpbikers.pl\/#website"},"primaryImageOfPage":{"@id":"https:\/\/mpbikers.pl\/?p=744#primaryimage"},"image":{"@id":"https:\/\/mpbikers.pl\/?p=744#primaryimage"},"thumbnailUrl":"https:\/\/mpbikers.pl\/wp-content\/uploads\/2025\/10\/55.jpg","datePublished":"2025-10-28T09:27:40+00:00","dateModified":"2026-04-13T05:35:07+00:00","breadcrumb":{"@id":"https:\/\/mpbikers.pl\/?p=744#breadcrumb"},"inLanguage":"pl-PL","potentialAction":[{"@type":"ReadAction","target":["https:\/\/mpbikers.pl\/?p=744"]}]},{"@type":"ImageObject","inLanguage":"pl-PL","@id":"https:\/\/mpbikers.pl\/?p=744#primaryimage","url":"https:\/\/mpbikers.pl\/wp-content\/uploads\/2025\/10\/55.jpg","contentUrl":"https:\/\/mpbikers.pl\/wp-content\/uploads\/2025\/10\/55.jpg","width":1280,"height":853},{"@type":"BreadcrumbList","@id":"https:\/\/mpbikers.pl\/?p=744#breadcrumb","itemListElement":[{"@type":"ListItem","position":1,"name":"Strona g\u0142\u00f3wna","item":"https:\/\/mpbikers.pl\/"},{"@type":"ListItem","position":2,"name":"Uroczysto\u015b\u0107 Za\u0142o\u017cenia Toru\u0144skiego \u017bandarmskiego Klubu Motocyklowego."}]},{"@type":"WebSite","@id":"https:\/\/mpbikers.pl\/#website","url":"https:\/\/mpbikers.pl\/","name":"Toru\u0144ski \u017bandarmski Klub Motocyklowy","description":"Z pasj\u0105 do motocykli","publisher":{"@id":"https:\/\/mpbikers.pl\/#organization"},"potentialAction":[{"@type":"SearchAction","target":{"@type":"EntryPoint","urlTemplate":"https:\/\/mpbikers.pl\/?s={search_term_string}"},"query-input":{"@type":"PropertyValueSpecification","valueRequired":true,"valueName":"search_term_string"}}],"inLanguage":"pl-PL"},{"@type":"Organization","@id":"https:\/\/mpbikers.pl\/#organization","name":"Toru\u0144ski \u017bandarmski Klub Motocyklowy","url":"https:\/\/mpbikers.pl\/","logo":{"@type":"ImageObject","inLanguage":"pl-PL","@id":"https:\/\/mpbikers.pl\/#\/schema\/logo\/image\/","url":"https:\/\/mpbikers.pl\/wp-content\/uploads\/2025\/10\/cropped-cropped-godlo-scaled-1.png","contentUrl":"https:\/\/mpbikers.pl\/wp-content\/uploads\/2025\/10\/cropped-cropped-godlo-scaled-1.png","width":2557,"height":1537,"caption":"Toru\u0144ski \u017bandarmski Klub Motocyklowy"},"image":{"@id":"https:\/\/mpbikers.pl\/#\/schema\/logo\/image\/"}},{"@type":"Person","@id":"https:\/\/mpbikers.pl\/#\/schema\/person\/48aeac13684c590d2751653a336a04c8","name":"admin","image":{"@type":"ImageObject","inLanguage":"pl-PL","@id":"https:\/\/secure.gravatar.com\/avatar\/41b34271d518d5ad4caf4ab6e579852dca5d15d22133c412a7b09b57908f7fa9?s=96&d=mm&r=g","url":"https:\/\/secure.gravatar.com\/avatar\/41b34271d518d5ad4caf4ab6e579852dca5d15d22133c412a7b09b57908f7fa9?s=96&d=mm&r=g","contentUrl":"https:\/\/secure.gravatar.com\/avatar\/41b34271d518d5ad4caf4ab6e579852dca5d15d22133c412a7b09b57908f7fa9?s=96&d=mm&r=g","caption":"admin"},"sameAs":["http:\/\/mpbikers.pl"],"url":"https:\/\/mpbikers.pl\/?author=1"}]}},"_links":{"self":[{"href":"https:\/\/mpbikers.pl\/index.php?rest_route=\/wp\/v2\/posts\/744","targetHints":{"allow":["GET"]}}],"collection":[{"href":"https:\/\/mpbikers.pl\/index.php?rest_route=\/wp\/v2\/posts"}],"about":[{"href":"https:\/\/mpbikers.pl\/index.php?rest_route=\/wp\/v2\/types\/post"}],"author":[{"embeddable":true,"href":"https:\/\/mpbikers.pl\/index.php?rest_route=\/wp\/v2\/users\/1"}],"replies":[{"embeddable":true,"href":"https:\/\/mpbikers.pl\/index.php?rest_route=%2Fwp%2Fv2%2Fcomments&post=744"}],"version-history":[{"count":2,"href":"https:\/\/mpbikers.pl\/index.php?rest_route=\/wp\/v2\/posts\/744\/revisions"}],"predecessor-version":[{"id":1097,"href":"https:\/\/mpbikers.pl\/index.php?rest_route=\/wp\/v2\/posts\/744\/revisions\/1097"}],"wp:featuredmedia":[{"embeddable":true,"href":"https:\/\/mpbikers.pl\/index.php?rest_route=\/wp\/v2\/media\/750"}],"wp:attachment":[{"href":"https:\/\/mpbikers.pl\/index.php?rest_route=%2Fwp%2Fv2%2Fmedia&parent=744"}],"wp:term":[{"taxonomy":"category","embeddable":true,"href":"https:\/\/mpbikers.pl\/index.php?rest_route=%2Fwp%2Fv2%2Fcategories&post=744"},{"taxonomy":"post_tag","embeddable":true,"href":"https:\/\/mpbikers.pl\/index.php?rest_route=%2Fwp%2Fv2%2Ftags&post=744"}],"curies":[{"name":"wp","href":"https:\/\/api.w.org\/{rel}","templated":true}]}}