{"id":1198,"date":"2026-04-13T05:54:11","date_gmt":"2026-04-13T05:54:11","guid":{"rendered":"https:\/\/mpbikers.pl\/?p=1198"},"modified":"2026-04-13T10:39:33","modified_gmt":"2026-04-13T10:39:33","slug":"spotkanie-torunskiego-zandarmskiego-klubu-motocyklowego","status":"publish","type":"post","link":"https:\/\/mpbikers.pl\/?p=1198","title":{"rendered":"Spotkanie Toru\u0144skiego \u017bandarmskiego Klubu Motocyklowego"},"content":{"rendered":"\n<p><\/p>\n\n\n\n<figure class=\"wp-block-image size-large\"><img fetchpriority=\"high\" decoding=\"async\" width=\"1024\" height=\"769\" src=\"https:\/\/mpbikers.pl\/wp-content\/uploads\/2026\/04\/IMG-20260321-WA0011-1024x769.jpg\" alt=\"\" class=\"wp-image-1200\" srcset=\"https:\/\/mpbikers.pl\/wp-content\/uploads\/2026\/04\/IMG-20260321-WA0011-1024x769.jpg 1024w, https:\/\/mpbikers.pl\/wp-content\/uploads\/2026\/04\/IMG-20260321-WA0011-300x225.jpg 300w, https:\/\/mpbikers.pl\/wp-content\/uploads\/2026\/04\/IMG-20260321-WA0011-768x576.jpg 768w, https:\/\/mpbikers.pl\/wp-content\/uploads\/2026\/04\/IMG-20260321-WA0011-1536x1153.jpg 1536w, https:\/\/mpbikers.pl\/wp-content\/uploads\/2026\/04\/IMG-20260321-WA0011.jpg 1600w\" sizes=\"(max-width: 1024px) 100vw, 1024px\" \/><\/figure>\n\n\n\n<p>W dniu 21 marca 2026r odby\u0142o si\u0119 planowe spotkanie Toru\u0144skiego \u017bandarmskiego Klubu Motocyklowego. Spotkanie odby\u0142o si\u0119 w siedzibie Klubu, na terenie Plac\u00f3wki \u017bandarmerii Wojskowej w Toruniu. Na spotkanie stawi\u0142o si\u0119 o\u015bmiu cz\u0142onk\u00f3w klubu, trzech cz\u0142onk\u00f3w mia\u0142o usprawiedliwion\u0105 nieobecno\u015b\u0107 (ARCZI wzi\u0105\u0142 to na klat\u0119). W zwi\u0105zku z nieobecno\u015bci\u0105 etatowego sekretarza KRISA, na sekretarza spotkania wybrano OLEJA. Na pocz\u0105tku spotkania, D\u0141UGI wr\u0119czy\u0142 wszystkim obecnym i przekaza\u0142 nieobecnym koszulki T-shirt z nadrukami klubowego logo Toru\u0144skiego \u017bandarmskiego Klubu Motocyklowego \u2013 brawo, dzi\u0119ki (fot. w galerii). W trakcie omawiania kwestii zakup\u00f3w klubowych, pad\u0142y nast\u0119puj\u0105ce propozycje:<\/p>\n\n\n\n<ol class=\"wp-block-list\">\n<li>koszulki dla Club Girls b\u0119d\u0105 zamawiane wedle uznania, z prywatnych zasob\u00f3w cz\u0142onk\u00f3w klubu;<\/li>\n\n\n\n<li>naklejki z kodem QR strony internetowej Toru\u0144skiego \u017bandarmskiego Klubu Motocyklowego \u2013 propozycje zobowi\u0105za\u0142 si\u0119 przygotowa\u0107 D\u0141UGI;<\/li>\n\n\n\n<li>kubki z logiem klubowym Toru\u0144skiego \u017bandarmskiego Klubu Motocyklowego i kodem QR \u2013 propozycje zobowi\u0105za\u0142 si\u0119 przygotowa\u0107 OLEJ;<\/li>\n\n\n\n<li>przypinki z logiem klubowym Toru\u0144skiego \u017bandarmskiego Klubu Motocyklowego \u2013 propozycje zobowi\u0105za\u0142 si\u0119 przygotowa\u0107 JARUN;<\/li>\n\n\n\n<li>opaski silikonowe na r\u0119k\u0119, czarne z bia\u0142ymi napisami \u2013 propozycje zobowi\u0105za\u0142 si\u0119 przygotowa\u0107 OLEJ;<\/li>\n\n\n\n<li>bluzy softshell z logiem klubowym Toru\u0144skiego \u017bandarmskiego Klubu Motocyklowego \u2013 rozpoznanie cenowe, design, oznakowanie, propozycje zobowi\u0105zali si\u0119 przygotowa\u0107 ZIELONY i VANKACPER;<\/li>\n\n\n\n<li>czapki z logiem Toru\u0144skiego \u017bandarmskiego Klubu Motocyklowego \u2013 propozycje zobowi\u0105za\u0142 si\u0119 przygotowa\u0107 MORA\u015a,<\/li>\n<\/ol>\n\n\n\n<p>Wynik\u0142a r\u00f3wnie\u017c sprawa poprawy statusu klubu, do czego zobowi\u0105za\u0142 si\u0119 ARCZI. Propozycje poprawek zostan\u0105 przekazane wszystkim na grupowym czacie za po\u015brednictwem platformy WhatsApp, do akceptacji. W trakcie spotkania, om\u00f3wiono rozliczenie sk\u0142adek za 2025 rok oraz zebrano od obecnych sk\u0142adki za rok 2026. Rozliczenia i zbi\u00f3rki dokona\u0142 skarbnik klubu, jedyny i w\u0142a\u015bciwy do tego MORA\u015a.<\/p>\n\n\n\n<p>W zwi\u0105zku z nadchodz\u0105cym wielkimi krokami, sezonem motocyklowym, om\u00f3wiono terminy wyjazd\u00f3w wsp\u00f3lnych oraz takich do uzgodnienia indywidualnie:<\/p>\n\n\n\n<ol class=\"wp-block-list\">\n<li>04 marzec 2026r \u2013 \u015awi\u0119conka w Kasku na B\u0142oniach Nadwi\u015bla\u0144skich&nbsp;w Toruniu \u2013 propozycja obecno\u015bci wed\u0142ug mo\u017cliwo\u015bci cz\u0142onk\u00f3w klubu;<\/li>\n\n\n\n<li>26 kwiecie\u0144 2026r \u2013 Rozpocz\u0119cie sezonu motocyklowego w Toruniu \u2013 propozycja obecno\u015bci wed\u0142ug mo\u017cliwo\u015bci cz\u0142onk\u00f3w klubu;<\/li>\n\n\n\n<li>02 maj 2026 \u2013 Dzie\u0144 Flagi celebracja \u015bwi\u0119ta z W\u0142odarzami wojew\u00f3dztwa Kujawsko-Pomorskiego w Toruniu \u2013 zadeklarowali si\u0119 MORA\u015a, D\u0141UGI, OLEJ, MARIO, VANKACPER, JARUN;<\/li>\n\n\n\n<li>11 maj 2026r \u2013 rozpocz\u0119cie 7 Rajdu Motocyklowego Weterana, cz\u0119\u015b\u0107 \u017candarmska, Mi\u0144sk Mazowiecki przyjazd 10 maj 2026r \u2013 obecno\u015b\u0107 wszyscy. Dalszy udzia\u0142 w 7RMW wed\u0142ug mo\u017cliwo\u015bci urlopowych cz\u0142onk\u00f3w Toru\u0144skiego \u017bandarmskiego Klubu Motocyklowego;<\/li>\n\n\n\n<li>29 maj 2026r \u2013 Zako\u0144czenie 7 Rajdu Motocyklowego Weterana w Krakowie \u2013 zadeklarowali si\u0119 ARCZI, ZIELONY, D\u0141UGI, VANKACPER, reszta my\u015bli;<\/li>\n\n\n\n<li>04 \u2013 07 czerwiec 2026r \u2013 Bo\u017ce Cia\u0142o, propozycja wsp\u00f3lnego wyjazdu, do uzgodnienia na grupowym czacie za po\u015brednictwem platformy WhatsApp;<\/li>\n\n\n\n<li>12 czerwiec 2026r \u2013 Centralne obchody \u015awi\u0119ta \u017bandarmerii Wojskowej w Lublinie, do uzgodnienia na grupowym czacie za po\u015brednictwem platformy WhatsApp;<\/li>\n\n\n\n<li>24 czerwiec 2026r \u2013 \u015awi\u0119to Miasta Torunia \u2013 obecno\u015b\u0107 wszyscy cz\u0142onkowie klubu;<\/li>\n\n\n\n<li>15 sierpie\u0144 2026r \u2013 \u015awi\u0119to Wojska Polskiego \u2013 do uzgodnienia na grupowym czacie za po\u015brednictwem platformy WhatsApp;<\/li>\n\n\n\n<li>01 wrzesie\u0144 2026r \u2013 Rocznica wybuchu II Wojny \u015awiatowej, wyjazd na Westerplatte \u2013 do uzgodnienia z Komend\u0105 G\u0142\u00f3wn\u0105 \u017bandarmerii Wojskowej, obecno\u015b\u0107 wg mo\u017cliwo\u015bci;<\/li>\n\n\n\n<li>11 listopad 2026r \u2013 Narodowe \u015awi\u0119to Niepodleg\u0142o\u015bci \u2013 obchody w Toruniu, ilo\u015b\u0107 cz\u0142onk\u00f3w klubu uczestnicz\u0105ca w uroczysto\u015bci do ustalenia na grupowym czacie za po\u015brednictwem platformy WhatsApp;<\/li>\n\n\n\n<li>12 grudzie\u0144 2026r \u2013 spotkanie cz\u0142onk\u00f3w Toru\u0144skiego \u017bandarmskiego Klubu Motocyklowego w siedzibie Klubu, na terenie Plac\u00f3wki \u017bandarmerii Wojskowej w Toruniu.<\/li>\n<\/ol>\n\n\n\n<p>W trakcie planowania wsp\u00f3lnych wyjazd\u00f3w na rok 2026, na spotkaniu omawiano r\u00f3wnie\u017c zasady poruszania si\u0119 motocyklami w grupie, sposoby komunikacji oraz podzia\u0142 r\u00f3l w trakcie jazdy. Ponadto zaplanowano spotkanie na terenie Plac\u00f3wki \u017bandarmerii Wojskowej w Toruniu, w trakcie kt\u00f3rego prowadzone b\u0119dzie szkolenie z techniki jazdy motocyklem przez ZIELONEGO, notabene Pana Instruktora nauki&nbsp;i techniki jazdy na kat A. Termin spotkania wst\u0119pnie ustalono na 11 \u2013 12 kwiecie\u0144 2026r.<\/p>\n\n\n\n<p>W trakcie spotkania, MARIO opowiada\u0142 swoje wra\u017cenia, zwi\u0105zane ze zmian\u0105 motocykla (obecny nabytek to Suzuki Intruder M1800R, fot. w galerii). Wra\u017cenia oczywi\u015bcie bardzo pozytywne (w ko\u0144cu przesiad\u0142 si\u0119 na motocykl), podobnie jak i oczekiwania MARIO do nadchodz\u0105cego sezonu na nowym sprz\u0119cie. Natomiast OLEJ \u017cali\u0142 si\u0119, \u017ce ma problemy z uruchomieniem swojego motocykla, zwi\u0105zane mi\u0119dzy innymi z trudno\u015bci\u0105 w dost\u0119pie do cz\u0119\u015bci zamiennych (gdyby je\u017adzi\u0142 HD problem\u00f3w by nie by\u0142o, podobnie jak z cz\u0119\u015bciami do Maluch\u00f3w w latach 80tych).<\/p>\n\n\n\n<p>Na wniosek MORASIA poddano pod g\u0142osowanie przyj\u0119cie jako cz\u0142onka honorowego Toru\u0144skiego \u017bandarmskiego Klubu Motocyklowego, Marcina Fryca \u2013 FRYTY, kt\u00f3ry na sta\u0142e mieszka za wielk\u0105 wod\u0105. Po przedstawieniu kandydata, propozycj\u0119 przyj\u0119to jednog\u0142o\u015bnie, po czym President Toru\u0144skiego \u017bandarmskiego Klubu Motocyklowego ARCZI, symbolicznie wr\u0119czy\u0142 FRYCIE (od urodzenia dumny z pochodzenia) odznak\u0119 \u017bKM, m\u00f3wi\u0105c dono\u015bnie: <strong>\u201eNO\u015a Z DUM\u0104 I GODNO\u015aCI\u0104\u201d<\/strong><\/p>\n\n\n\n<p>W trakcie niekoniecznie burzliwego ale merytorycznego spotkania wypito 15 kubk\u00f3w kawy i dwie szklanki herbaty. Do przek\u0105szenia nic niestety nie by\u0142o \ud83d\ude41 . Dobry humor, optymizm oraz serdeczno\u015b\u0107 (no mo\u017ce lekka z\u0142o\u015bliwo\u015b\u0107) dokucza\u0142a nam ca\u0142y czas.<\/p>\n\n\n\n<figure class=\"wp-block-gallery has-nested-images columns-default is-cropped wp-block-gallery-1 is-layout-flex wp-block-gallery-is-layout-flex\">\n<figure class=\"wp-block-image size-large\"><img decoding=\"async\" width=\"768\" height=\"1024\" data-id=\"1202\" src=\"https:\/\/mpbikers.pl\/wp-content\/uploads\/2026\/04\/IMG-20260321-WA0006-1-768x1024.jpg\" alt=\"\" class=\"wp-image-1202\" srcset=\"https:\/\/mpbikers.pl\/wp-content\/uploads\/2026\/04\/IMG-20260321-WA0006-1-768x1024.jpg 768w, https:\/\/mpbikers.pl\/wp-content\/uploads\/2026\/04\/IMG-20260321-WA0006-1-225x300.jpg 225w, https:\/\/mpbikers.pl\/wp-content\/uploads\/2026\/04\/IMG-20260321-WA0006-1-1152x1536.jpg 1152w, https:\/\/mpbikers.pl\/wp-content\/uploads\/2026\/04\/IMG-20260321-WA0006-1.jpg 1200w\" sizes=\"(max-width: 768px) 100vw, 768px\" \/><\/figure>\n\n\n\n<figure class=\"wp-block-image size-large\"><img decoding=\"async\" width=\"768\" height=\"1024\" data-id=\"1207\" src=\"https:\/\/mpbikers.pl\/wp-content\/uploads\/2026\/04\/20260404_132747-768x1024.jpg\" alt=\"\" class=\"wp-image-1207\" srcset=\"https:\/\/mpbikers.pl\/wp-content\/uploads\/2026\/04\/20260404_132747-768x1024.jpg 768w, https:\/\/mpbikers.pl\/wp-content\/uploads\/2026\/04\/20260404_132747-225x300.jpg 225w, https:\/\/mpbikers.pl\/wp-content\/uploads\/2026\/04\/20260404_132747-1152x1536.jpg 1152w, https:\/\/mpbikers.pl\/wp-content\/uploads\/2026\/04\/20260404_132747-1536x2048.jpg 1536w, https:\/\/mpbikers.pl\/wp-content\/uploads\/2026\/04\/20260404_132747-scaled.jpg 1920w\" sizes=\"(max-width: 768px) 100vw, 768px\" \/><\/figure>\n\n\n\n<figure class=\"wp-block-image size-large\"><img loading=\"lazy\" decoding=\"async\" width=\"768\" height=\"1024\" data-id=\"1204\" src=\"https:\/\/mpbikers.pl\/wp-content\/uploads\/2026\/04\/IMG-20260411-WA0002-768x1024.jpg\" alt=\"\" class=\"wp-image-1204\" srcset=\"https:\/\/mpbikers.pl\/wp-content\/uploads\/2026\/04\/IMG-20260411-WA0002-768x1024.jpg 768w, https:\/\/mpbikers.pl\/wp-content\/uploads\/2026\/04\/IMG-20260411-WA0002-225x300.jpg 225w, https:\/\/mpbikers.pl\/wp-content\/uploads\/2026\/04\/IMG-20260411-WA0002-1152x1536.jpg 1152w, https:\/\/mpbikers.pl\/wp-content\/uploads\/2026\/04\/IMG-20260411-WA0002.jpg 1200w\" sizes=\"(max-width: 768px) 100vw, 768px\" \/><\/figure>\n\n\n\n<figure class=\"wp-block-image size-large\"><img loading=\"lazy\" decoding=\"async\" width=\"1024\" height=\"576\" data-id=\"1206\" src=\"https:\/\/mpbikers.pl\/wp-content\/uploads\/2026\/04\/IMG-20260411-WA0003-1024x576.jpg\" alt=\"\" class=\"wp-image-1206\" srcset=\"https:\/\/mpbikers.pl\/wp-content\/uploads\/2026\/04\/IMG-20260411-WA0003-1024x576.jpg 1024w, https:\/\/mpbikers.pl\/wp-content\/uploads\/2026\/04\/IMG-20260411-WA0003-300x169.jpg 300w, https:\/\/mpbikers.pl\/wp-content\/uploads\/2026\/04\/IMG-20260411-WA0003-768x432.jpg 768w, https:\/\/mpbikers.pl\/wp-content\/uploads\/2026\/04\/IMG-20260411-WA0003-1536x864.jpg 1536w, https:\/\/mpbikers.pl\/wp-content\/uploads\/2026\/04\/IMG-20260411-WA0003-2048x1152.jpg 2048w, https:\/\/mpbikers.pl\/wp-content\/uploads\/2026\/04\/IMG-20260411-WA0003-800x450.jpg 800w\" sizes=\"(max-width: 1024px) 100vw, 1024px\" \/><\/figure>\n<\/figure>\n\n\n\n<figure class=\"wp-block-image size-large\"><img loading=\"lazy\" decoding=\"async\" width=\"1024\" height=\"576\" src=\"https:\/\/mpbikers.pl\/wp-content\/uploads\/2026\/04\/IMG-20260321-WA0017-1-1024x576.jpg\" alt=\"\" class=\"wp-image-1210\" srcset=\"https:\/\/mpbikers.pl\/wp-content\/uploads\/2026\/04\/IMG-20260321-WA0017-1-1024x576.jpg 1024w, https:\/\/mpbikers.pl\/wp-content\/uploads\/2026\/04\/IMG-20260321-WA0017-1-300x169.jpg 300w, https:\/\/mpbikers.pl\/wp-content\/uploads\/2026\/04\/IMG-20260321-WA0017-1-768x432.jpg 768w, https:\/\/mpbikers.pl\/wp-content\/uploads\/2026\/04\/IMG-20260321-WA0017-1-1536x864.jpg 1536w, https:\/\/mpbikers.pl\/wp-content\/uploads\/2026\/04\/IMG-20260321-WA0017-1-800x450.jpg 800w, https:\/\/mpbikers.pl\/wp-content\/uploads\/2026\/04\/IMG-20260321-WA0017-1.jpg 2016w\" sizes=\"(max-width: 1024px) 100vw, 1024px\" \/><\/figure>\n\n\n\n<figure class=\"wp-block-image size-full\"><img loading=\"lazy\" decoding=\"async\" width=\"1024\" height=\"768\" src=\"https:\/\/mpbikers.pl\/wp-content\/uploads\/2026\/04\/IMG-20260321-WA0025-2.jpg\" alt=\"\" class=\"wp-image-1211\" srcset=\"https:\/\/mpbikers.pl\/wp-content\/uploads\/2026\/04\/IMG-20260321-WA0025-2.jpg 1024w, https:\/\/mpbikers.pl\/wp-content\/uploads\/2026\/04\/IMG-20260321-WA0025-2-300x225.jpg 300w, https:\/\/mpbikers.pl\/wp-content\/uploads\/2026\/04\/IMG-20260321-WA0025-2-768x576.jpg 768w\" sizes=\"(max-width: 1024px) 100vw, 1024px\" \/><\/figure>\n","protected":false},"excerpt":{"rendered":"<p>W dniu 21 marca 2026r odby\u0142o si\u0119 planowe spotkanie Toru\u0144skiego \u017bandarmskiego Klubu Motocyklowego. Spotkanie odby\u0142o si\u0119 w siedzibie Klubu, na terenie Plac\u00f3wki \u017bandarmerii Wojskowej w Toruniu. Na spotkanie stawi\u0142o si\u0119 o\u015bmiu cz\u0142onk\u00f3w klubu, trzech cz\u0142onk\u00f3w mia\u0142o usprawiedliwion\u0105 nieobecno\u015b\u0107 (ARCZI wzi\u0105\u0142 to na klat\u0119). W zwi\u0105zku z nieobecno\u015bci\u0105 etatowego sekretarza KRISA, na sekretarza spotkania wybrano OLEJA. [&hellip;]<\/p>\n","protected":false},"author":1,"featured_media":1199,"comment_status":"open","ping_status":"open","sticky":false,"template":"","format":"standard","meta":{"ocean_post_layout":"","ocean_both_sidebars_style":"","ocean_both_sidebars_content_width":0,"ocean_both_sidebars_sidebars_width":0,"ocean_sidebar":"","ocean_second_sidebar":"","ocean_disable_margins":"enable","ocean_add_body_class":"","ocean_shortcode_before_top_bar":"","ocean_shortcode_after_top_bar":"","ocean_shortcode_before_header":"","ocean_shortcode_after_header":"","ocean_has_shortcode":"","ocean_shortcode_after_title":"","ocean_shortcode_before_footer_widgets":"","ocean_shortcode_after_footer_widgets":"","ocean_shortcode_before_footer_bottom":"","ocean_shortcode_after_footer_bottom":"","ocean_display_top_bar":"default","ocean_display_header":"default","ocean_header_style":"","ocean_center_header_left_menu":"","ocean_custom_header_template":"","ocean_custom_logo":0,"ocean_custom_retina_logo":0,"ocean_custom_logo_max_width":0,"ocean_custom_logo_tablet_max_width":0,"ocean_custom_logo_mobile_max_width":0,"ocean_custom_logo_max_height":0,"ocean_custom_logo_tablet_max_height":0,"ocean_custom_logo_mobile_max_height":0,"ocean_header_custom_menu":"","ocean_menu_typo_font_family":"","ocean_menu_typo_font_subset":"","ocean_menu_typo_font_size":0,"ocean_menu_typo_font_size_tablet":0,"ocean_menu_typo_font_size_mobile":0,"ocean_menu_typo_font_size_unit":"px","ocean_menu_typo_font_weight":"","ocean_menu_typo_font_weight_tablet":"","ocean_menu_typo_font_weight_mobile":"","ocean_menu_typo_transform":"","ocean_menu_typo_transform_tablet":"","ocean_menu_typo_transform_mobile":"","ocean_menu_typo_line_height":0,"ocean_menu_typo_line_height_tablet":0,"ocean_menu_typo_line_height_mobile":0,"ocean_menu_typo_line_height_unit":"","ocean_menu_typo_spacing":0,"ocean_menu_typo_spacing_tablet":0,"ocean_menu_typo_spacing_mobile":0,"ocean_menu_typo_spacing_unit":"","ocean_menu_link_color":"","ocean_menu_link_color_hover":"","ocean_menu_link_color_active":"","ocean_menu_link_background":"","ocean_menu_link_hover_background":"","ocean_menu_link_active_background":"","ocean_menu_social_links_bg":"","ocean_menu_social_hover_links_bg":"","ocean_menu_social_links_color":"","ocean_menu_social_hover_links_color":"","ocean_disable_title":"default","ocean_disable_heading":"default","ocean_post_title":"","ocean_post_subheading":"","ocean_post_title_style":"","ocean_post_title_background_color":"","ocean_post_title_background":0,"ocean_post_title_bg_image_position":"","ocean_post_title_bg_image_attachment":"","ocean_post_title_bg_image_repeat":"","ocean_post_title_bg_image_size":"","ocean_post_title_height":0,"ocean_post_title_bg_overlay":0.5,"ocean_post_title_bg_overlay_color":"","ocean_disable_breadcrumbs":"default","ocean_breadcrumbs_color":"","ocean_breadcrumbs_separator_color":"","ocean_breadcrumbs_links_color":"","ocean_breadcrumbs_links_hover_color":"","ocean_display_footer_widgets":"default","ocean_display_footer_bottom":"default","ocean_custom_footer_template":"","omw_enable_modal_window":"enable","ocean_post_oembed":"","ocean_post_self_hosted_media":"","ocean_post_video_embed":"","ocean_link_format":"","ocean_link_format_target":"self","ocean_quote_format":"","ocean_quote_format_link":"post","ocean_gallery_link_images":"on","ocean_gallery_id":[],"footnotes":""},"categories":[1],"tags":[],"class_list":["post-1198","post","type-post","status-publish","format-standard","has-post-thumbnail","hentry","category-wydarzenia","entry","has-media"],"yoast_head":"<!-- This site is optimized with the Yoast SEO plugin v27.4 - https:\/\/yoast.com\/product\/yoast-seo-wordpress\/ -->\n<title>Spotkanie Toru\u0144skiego \u017bandarmskiego Klubu Motocyklowego - Toru\u0144ski \u017bandarmski Klub Motocyklowy<\/title>\n<meta name=\"robots\" content=\"index, follow, max-snippet:-1, max-image-preview:large, max-video-preview:-1\" \/>\n<link rel=\"canonical\" href=\"https:\/\/mpbikers.pl\/?p=1198\" \/>\n<meta property=\"og:locale\" content=\"pl_PL\" \/>\n<meta property=\"og:type\" content=\"article\" \/>\n<meta property=\"og:title\" content=\"Spotkanie Toru\u0144skiego \u017bandarmskiego Klubu Motocyklowego - Toru\u0144ski \u017bandarmski Klub Motocyklowy\" \/>\n<meta property=\"og:description\" content=\"W dniu 21 marca 2026r odby\u0142o si\u0119 planowe spotkanie Toru\u0144skiego \u017bandarmskiego Klubu Motocyklowego. Spotkanie odby\u0142o si\u0119 w siedzibie Klubu, na terenie Plac\u00f3wki \u017bandarmerii Wojskowej w Toruniu. Na spotkanie stawi\u0142o si\u0119 o\u015bmiu cz\u0142onk\u00f3w klubu, trzech cz\u0142onk\u00f3w mia\u0142o usprawiedliwion\u0105 nieobecno\u015b\u0107 (ARCZI wzi\u0105\u0142 to na klat\u0119). W zwi\u0105zku z nieobecno\u015bci\u0105 etatowego sekretarza KRISA, na sekretarza spotkania wybrano OLEJA. [&hellip;]\" \/>\n<meta property=\"og:url\" content=\"https:\/\/mpbikers.pl\/?p=1198\" \/>\n<meta property=\"og:site_name\" content=\"Toru\u0144ski \u017bandarmski Klub Motocyklowy\" \/>\n<meta property=\"article:published_time\" content=\"2026-04-13T05:54:11+00:00\" \/>\n<meta property=\"article:modified_time\" content=\"2026-04-13T10:39:33+00:00\" \/>\n<meta property=\"og:image\" content=\"https:\/\/mpbikers.pl\/wp-content\/uploads\/2026\/04\/IMG-20260321-WA0025.jpg\" \/>\n\t<meta property=\"og:image:width\" content=\"1024\" \/>\n\t<meta property=\"og:image:height\" content=\"768\" \/>\n\t<meta property=\"og:image:type\" content=\"image\/jpeg\" \/>\n<meta name=\"author\" content=\"admin\" \/>\n<meta name=\"twitter:card\" content=\"summary_large_image\" \/>\n<meta name=\"twitter:label1\" content=\"Napisane przez\" \/>\n\t<meta name=\"twitter:data1\" content=\"admin\" \/>\n\t<meta name=\"twitter:label2\" content=\"Szacowany czas czytania\" \/>\n\t<meta name=\"twitter:data2\" content=\"6 minut\" \/>\n<script type=\"application\/ld+json\" class=\"yoast-schema-graph\">{\"@context\":\"https:\\\/\\\/schema.org\",\"@graph\":[{\"@type\":\"Article\",\"@id\":\"https:\\\/\\\/mpbikers.pl\\\/?p=1198#article\",\"isPartOf\":{\"@id\":\"https:\\\/\\\/mpbikers.pl\\\/?p=1198\"},\"author\":{\"name\":\"admin\",\"@id\":\"https:\\\/\\\/mpbikers.pl\\\/#\\\/schema\\\/person\\\/48aeac13684c590d2751653a336a04c8\"},\"headline\":\"Spotkanie Toru\u0144skiego \u017bandarmskiego Klubu Motocyklowego\",\"datePublished\":\"2026-04-13T05:54:11+00:00\",\"dateModified\":\"2026-04-13T10:39:33+00:00\",\"mainEntityOfPage\":{\"@id\":\"https:\\\/\\\/mpbikers.pl\\\/?p=1198\"},\"wordCount\":867,\"commentCount\":0,\"publisher\":{\"@id\":\"https:\\\/\\\/mpbikers.pl\\\/#organization\"},\"image\":{\"@id\":\"https:\\\/\\\/mpbikers.pl\\\/?p=1198#primaryimage\"},\"thumbnailUrl\":\"https:\\\/\\\/mpbikers.pl\\\/wp-content\\\/uploads\\\/2026\\\/04\\\/IMG-20260321-WA0025.jpg\",\"articleSection\":[\"Wydarzenia\"],\"inLanguage\":\"pl-PL\",\"potentialAction\":[{\"@type\":\"CommentAction\",\"name\":\"Comment\",\"target\":[\"https:\\\/\\\/mpbikers.pl\\\/?p=1198#respond\"]}]},{\"@type\":\"WebPage\",\"@id\":\"https:\\\/\\\/mpbikers.pl\\\/?p=1198\",\"url\":\"https:\\\/\\\/mpbikers.pl\\\/?p=1198\",\"name\":\"Spotkanie Toru\u0144skiego \u017bandarmskiego Klubu Motocyklowego - Toru\u0144ski \u017bandarmski Klub Motocyklowy\",\"isPartOf\":{\"@id\":\"https:\\\/\\\/mpbikers.pl\\\/#website\"},\"primaryImageOfPage\":{\"@id\":\"https:\\\/\\\/mpbikers.pl\\\/?p=1198#primaryimage\"},\"image\":{\"@id\":\"https:\\\/\\\/mpbikers.pl\\\/?p=1198#primaryimage\"},\"thumbnailUrl\":\"https:\\\/\\\/mpbikers.pl\\\/wp-content\\\/uploads\\\/2026\\\/04\\\/IMG-20260321-WA0025.jpg\",\"datePublished\":\"2026-04-13T05:54:11+00:00\",\"dateModified\":\"2026-04-13T10:39:33+00:00\",\"breadcrumb\":{\"@id\":\"https:\\\/\\\/mpbikers.pl\\\/?p=1198#breadcrumb\"},\"inLanguage\":\"pl-PL\",\"potentialAction\":[{\"@type\":\"ReadAction\",\"target\":[\"https:\\\/\\\/mpbikers.pl\\\/?p=1198\"]}]},{\"@type\":\"ImageObject\",\"inLanguage\":\"pl-PL\",\"@id\":\"https:\\\/\\\/mpbikers.pl\\\/?p=1198#primaryimage\",\"url\":\"https:\\\/\\\/mpbikers.pl\\\/wp-content\\\/uploads\\\/2026\\\/04\\\/IMG-20260321-WA0025.jpg\",\"contentUrl\":\"https:\\\/\\\/mpbikers.pl\\\/wp-content\\\/uploads\\\/2026\\\/04\\\/IMG-20260321-WA0025.jpg\",\"width\":1024,\"height\":768},{\"@type\":\"BreadcrumbList\",\"@id\":\"https:\\\/\\\/mpbikers.pl\\\/?p=1198#breadcrumb\",\"itemListElement\":[{\"@type\":\"ListItem\",\"position\":1,\"name\":\"Strona g\u0142\u00f3wna\",\"item\":\"https:\\\/\\\/mpbikers.pl\\\/\"},{\"@type\":\"ListItem\",\"position\":2,\"name\":\"Spotkanie Toru\u0144skiego \u017bandarmskiego Klubu Motocyklowego\"}]},{\"@type\":\"WebSite\",\"@id\":\"https:\\\/\\\/mpbikers.pl\\\/#website\",\"url\":\"https:\\\/\\\/mpbikers.pl\\\/\",\"name\":\"Toru\u0144ski \u017bandarmski Klub Motocyklowy\",\"description\":\"Z pasj\u0105 do motocykli\",\"publisher\":{\"@id\":\"https:\\\/\\\/mpbikers.pl\\\/#organization\"},\"potentialAction\":[{\"@type\":\"SearchAction\",\"target\":{\"@type\":\"EntryPoint\",\"urlTemplate\":\"https:\\\/\\\/mpbikers.pl\\\/?s={search_term_string}\"},\"query-input\":{\"@type\":\"PropertyValueSpecification\",\"valueRequired\":true,\"valueName\":\"search_term_string\"}}],\"inLanguage\":\"pl-PL\"},{\"@type\":\"Organization\",\"@id\":\"https:\\\/\\\/mpbikers.pl\\\/#organization\",\"name\":\"Toru\u0144ski \u017bandarmski Klub Motocyklowy\",\"url\":\"https:\\\/\\\/mpbikers.pl\\\/\",\"logo\":{\"@type\":\"ImageObject\",\"inLanguage\":\"pl-PL\",\"@id\":\"https:\\\/\\\/mpbikers.pl\\\/#\\\/schema\\\/logo\\\/image\\\/\",\"url\":\"https:\\\/\\\/mpbikers.pl\\\/wp-content\\\/uploads\\\/2025\\\/10\\\/cropped-cropped-godlo-scaled-1.png\",\"contentUrl\":\"https:\\\/\\\/mpbikers.pl\\\/wp-content\\\/uploads\\\/2025\\\/10\\\/cropped-cropped-godlo-scaled-1.png\",\"width\":2557,\"height\":1537,\"caption\":\"Toru\u0144ski \u017bandarmski Klub Motocyklowy\"},\"image\":{\"@id\":\"https:\\\/\\\/mpbikers.pl\\\/#\\\/schema\\\/logo\\\/image\\\/\"}},{\"@type\":\"Person\",\"@id\":\"https:\\\/\\\/mpbikers.pl\\\/#\\\/schema\\\/person\\\/48aeac13684c590d2751653a336a04c8\",\"name\":\"admin\",\"image\":{\"@type\":\"ImageObject\",\"inLanguage\":\"pl-PL\",\"@id\":\"https:\\\/\\\/secure.gravatar.com\\\/avatar\\\/41b34271d518d5ad4caf4ab6e579852dca5d15d22133c412a7b09b57908f7fa9?s=96&d=mm&r=g\",\"url\":\"https:\\\/\\\/secure.gravatar.com\\\/avatar\\\/41b34271d518d5ad4caf4ab6e579852dca5d15d22133c412a7b09b57908f7fa9?s=96&d=mm&r=g\",\"contentUrl\":\"https:\\\/\\\/secure.gravatar.com\\\/avatar\\\/41b34271d518d5ad4caf4ab6e579852dca5d15d22133c412a7b09b57908f7fa9?s=96&d=mm&r=g\",\"caption\":\"admin\"},\"sameAs\":[\"http:\\\/\\\/mpbikers.pl\"],\"url\":\"https:\\\/\\\/mpbikers.pl\\\/?author=1\"}]}<\/script>\n<!-- \/ Yoast SEO plugin. -->","yoast_head_json":{"title":"Spotkanie Toru\u0144skiego \u017bandarmskiego Klubu Motocyklowego - Toru\u0144ski \u017bandarmski Klub Motocyklowy","robots":{"index":"index","follow":"follow","max-snippet":"max-snippet:-1","max-image-preview":"max-image-preview:large","max-video-preview":"max-video-preview:-1"},"canonical":"https:\/\/mpbikers.pl\/?p=1198","og_locale":"pl_PL","og_type":"article","og_title":"Spotkanie Toru\u0144skiego \u017bandarmskiego Klubu Motocyklowego - Toru\u0144ski \u017bandarmski Klub Motocyklowy","og_description":"W dniu 21 marca 2026r odby\u0142o si\u0119 planowe spotkanie Toru\u0144skiego \u017bandarmskiego Klubu Motocyklowego. Spotkanie odby\u0142o si\u0119 w siedzibie Klubu, na terenie Plac\u00f3wki \u017bandarmerii Wojskowej w Toruniu. Na spotkanie stawi\u0142o si\u0119 o\u015bmiu cz\u0142onk\u00f3w klubu, trzech cz\u0142onk\u00f3w mia\u0142o usprawiedliwion\u0105 nieobecno\u015b\u0107 (ARCZI wzi\u0105\u0142 to na klat\u0119). W zwi\u0105zku z nieobecno\u015bci\u0105 etatowego sekretarza KRISA, na sekretarza spotkania wybrano OLEJA. [&hellip;]","og_url":"https:\/\/mpbikers.pl\/?p=1198","og_site_name":"Toru\u0144ski \u017bandarmski Klub Motocyklowy","article_published_time":"2026-04-13T05:54:11+00:00","article_modified_time":"2026-04-13T10:39:33+00:00","og_image":[{"width":1024,"height":768,"url":"https:\/\/mpbikers.pl\/wp-content\/uploads\/2026\/04\/IMG-20260321-WA0025.jpg","type":"image\/jpeg"}],"author":"admin","twitter_card":"summary_large_image","twitter_misc":{"Napisane przez":"admin","Szacowany czas czytania":"6 minut"},"schema":{"@context":"https:\/\/schema.org","@graph":[{"@type":"Article","@id":"https:\/\/mpbikers.pl\/?p=1198#article","isPartOf":{"@id":"https:\/\/mpbikers.pl\/?p=1198"},"author":{"name":"admin","@id":"https:\/\/mpbikers.pl\/#\/schema\/person\/48aeac13684c590d2751653a336a04c8"},"headline":"Spotkanie Toru\u0144skiego \u017bandarmskiego Klubu Motocyklowego","datePublished":"2026-04-13T05:54:11+00:00","dateModified":"2026-04-13T10:39:33+00:00","mainEntityOfPage":{"@id":"https:\/\/mpbikers.pl\/?p=1198"},"wordCount":867,"commentCount":0,"publisher":{"@id":"https:\/\/mpbikers.pl\/#organization"},"image":{"@id":"https:\/\/mpbikers.pl\/?p=1198#primaryimage"},"thumbnailUrl":"https:\/\/mpbikers.pl\/wp-content\/uploads\/2026\/04\/IMG-20260321-WA0025.jpg","articleSection":["Wydarzenia"],"inLanguage":"pl-PL","potentialAction":[{"@type":"CommentAction","name":"Comment","target":["https:\/\/mpbikers.pl\/?p=1198#respond"]}]},{"@type":"WebPage","@id":"https:\/\/mpbikers.pl\/?p=1198","url":"https:\/\/mpbikers.pl\/?p=1198","name":"Spotkanie Toru\u0144skiego \u017bandarmskiego Klubu Motocyklowego - Toru\u0144ski \u017bandarmski Klub Motocyklowy","isPartOf":{"@id":"https:\/\/mpbikers.pl\/#website"},"primaryImageOfPage":{"@id":"https:\/\/mpbikers.pl\/?p=1198#primaryimage"},"image":{"@id":"https:\/\/mpbikers.pl\/?p=1198#primaryimage"},"thumbnailUrl":"https:\/\/mpbikers.pl\/wp-content\/uploads\/2026\/04\/IMG-20260321-WA0025.jpg","datePublished":"2026-04-13T05:54:11+00:00","dateModified":"2026-04-13T10:39:33+00:00","breadcrumb":{"@id":"https:\/\/mpbikers.pl\/?p=1198#breadcrumb"},"inLanguage":"pl-PL","potentialAction":[{"@type":"ReadAction","target":["https:\/\/mpbikers.pl\/?p=1198"]}]},{"@type":"ImageObject","inLanguage":"pl-PL","@id":"https:\/\/mpbikers.pl\/?p=1198#primaryimage","url":"https:\/\/mpbikers.pl\/wp-content\/uploads\/2026\/04\/IMG-20260321-WA0025.jpg","contentUrl":"https:\/\/mpbikers.pl\/wp-content\/uploads\/2026\/04\/IMG-20260321-WA0025.jpg","width":1024,"height":768},{"@type":"BreadcrumbList","@id":"https:\/\/mpbikers.pl\/?p=1198#breadcrumb","itemListElement":[{"@type":"ListItem","position":1,"name":"Strona g\u0142\u00f3wna","item":"https:\/\/mpbikers.pl\/"},{"@type":"ListItem","position":2,"name":"Spotkanie Toru\u0144skiego \u017bandarmskiego Klubu Motocyklowego"}]},{"@type":"WebSite","@id":"https:\/\/mpbikers.pl\/#website","url":"https:\/\/mpbikers.pl\/","name":"Toru\u0144ski \u017bandarmski Klub Motocyklowy","description":"Z pasj\u0105 do motocykli","publisher":{"@id":"https:\/\/mpbikers.pl\/#organization"},"potentialAction":[{"@type":"SearchAction","target":{"@type":"EntryPoint","urlTemplate":"https:\/\/mpbikers.pl\/?s={search_term_string}"},"query-input":{"@type":"PropertyValueSpecification","valueRequired":true,"valueName":"search_term_string"}}],"inLanguage":"pl-PL"},{"@type":"Organization","@id":"https:\/\/mpbikers.pl\/#organization","name":"Toru\u0144ski \u017bandarmski Klub Motocyklowy","url":"https:\/\/mpbikers.pl\/","logo":{"@type":"ImageObject","inLanguage":"pl-PL","@id":"https:\/\/mpbikers.pl\/#\/schema\/logo\/image\/","url":"https:\/\/mpbikers.pl\/wp-content\/uploads\/2025\/10\/cropped-cropped-godlo-scaled-1.png","contentUrl":"https:\/\/mpbikers.pl\/wp-content\/uploads\/2025\/10\/cropped-cropped-godlo-scaled-1.png","width":2557,"height":1537,"caption":"Toru\u0144ski \u017bandarmski Klub Motocyklowy"},"image":{"@id":"https:\/\/mpbikers.pl\/#\/schema\/logo\/image\/"}},{"@type":"Person","@id":"https:\/\/mpbikers.pl\/#\/schema\/person\/48aeac13684c590d2751653a336a04c8","name":"admin","image":{"@type":"ImageObject","inLanguage":"pl-PL","@id":"https:\/\/secure.gravatar.com\/avatar\/41b34271d518d5ad4caf4ab6e579852dca5d15d22133c412a7b09b57908f7fa9?s=96&d=mm&r=g","url":"https:\/\/secure.gravatar.com\/avatar\/41b34271d518d5ad4caf4ab6e579852dca5d15d22133c412a7b09b57908f7fa9?s=96&d=mm&r=g","contentUrl":"https:\/\/secure.gravatar.com\/avatar\/41b34271d518d5ad4caf4ab6e579852dca5d15d22133c412a7b09b57908f7fa9?s=96&d=mm&r=g","caption":"admin"},"sameAs":["http:\/\/mpbikers.pl"],"url":"https:\/\/mpbikers.pl\/?author=1"}]}},"_links":{"self":[{"href":"https:\/\/mpbikers.pl\/index.php?rest_route=\/wp\/v2\/posts\/1198","targetHints":{"allow":["GET"]}}],"collection":[{"href":"https:\/\/mpbikers.pl\/index.php?rest_route=\/wp\/v2\/posts"}],"about":[{"href":"https:\/\/mpbikers.pl\/index.php?rest_route=\/wp\/v2\/types\/post"}],"author":[{"embeddable":true,"href":"https:\/\/mpbikers.pl\/index.php?rest_route=\/wp\/v2\/users\/1"}],"replies":[{"embeddable":true,"href":"https:\/\/mpbikers.pl\/index.php?rest_route=%2Fwp%2Fv2%2Fcomments&post=1198"}],"version-history":[{"count":3,"href":"https:\/\/mpbikers.pl\/index.php?rest_route=\/wp\/v2\/posts\/1198\/revisions"}],"predecessor-version":[{"id":1213,"href":"https:\/\/mpbikers.pl\/index.php?rest_route=\/wp\/v2\/posts\/1198\/revisions\/1213"}],"wp:featuredmedia":[{"embeddable":true,"href":"https:\/\/mpbikers.pl\/index.php?rest_route=\/wp\/v2\/media\/1199"}],"wp:attachment":[{"href":"https:\/\/mpbikers.pl\/index.php?rest_route=%2Fwp%2Fv2%2Fmedia&parent=1198"}],"wp:term":[{"taxonomy":"category","embeddable":true,"href":"https:\/\/mpbikers.pl\/index.php?rest_route=%2Fwp%2Fv2%2Fcategories&post=1198"},{"taxonomy":"post_tag","embeddable":true,"href":"https:\/\/mpbikers.pl\/index.php?rest_route=%2Fwp%2Fv2%2Ftags&post=1198"}],"curies":[{"name":"wp","href":"https:\/\/api.w.org\/{rel}","templated":true}]}}