{"id":1101,"date":"2025-11-27T12:15:59","date_gmt":"2025-11-27T12:15:59","guid":{"rendered":"https:\/\/mpbikers.pl\/?p=1101"},"modified":"2025-11-27T13:10:37","modified_gmt":"2025-11-27T13:10:37","slug":"zebranie-klubowe","status":"publish","type":"post","link":"https:\/\/mpbikers.pl\/?p=1101","title":{"rendered":"Zebranie klubowe."},"content":{"rendered":"\n<figure class=\"wp-block-image size-large\"><img fetchpriority=\"high\" decoding=\"async\" width=\"1024\" height=\"576\" src=\"https:\/\/mpbikers.pl\/wp-content\/uploads\/2025\/11\/IMG-20251127-WA0005-1024x576.jpg\" alt=\"\" class=\"wp-image-1102\" srcset=\"https:\/\/mpbikers.pl\/wp-content\/uploads\/2025\/11\/IMG-20251127-WA0005-1024x576.jpg 1024w, https:\/\/mpbikers.pl\/wp-content\/uploads\/2025\/11\/IMG-20251127-WA0005-300x169.jpg 300w, https:\/\/mpbikers.pl\/wp-content\/uploads\/2025\/11\/IMG-20251127-WA0005-768x432.jpg 768w, https:\/\/mpbikers.pl\/wp-content\/uploads\/2025\/11\/IMG-20251127-WA0005-1536x864.jpg 1536w, https:\/\/mpbikers.pl\/wp-content\/uploads\/2025\/11\/IMG-20251127-WA0005-800x450.jpg 800w, https:\/\/mpbikers.pl\/wp-content\/uploads\/2025\/11\/IMG-20251127-WA0005.jpg 1600w\" sizes=\"(max-width: 1024px) 100vw, 1024px\" \/><\/figure>\n\n\n\n<h3 class=\"wp-block-heading has-text-align-left\">W dniu 18 pa\u017adziernika br. w naszej siedzibie klubowej w Toruniu po raz pierwszy spotkali\u015bmy si\u0119 jako oficjalni cz\u0142onkowie \u017bandarmskiego Klubu Motocyklowego. Opr\u00f3cz om\u00f3wienia spraw bie\u017c\u0105cych uzgodnili\u015bmy tak\u017ce zarys naszych przedsi\u0119wzi\u0119\u0107 na przysz\u0142y rok. Na chwile obecn\u0105 maszyny klubowe &#8222;stygn\u0105&#8221; w gara\u017cach. Czekamy na wiosn\u0119\u2026<\/h3>\n\n\n\n<div class=\"wp-block-media-text is-stacked-on-mobile\"><figure class=\"wp-block-media-text__media\"><img decoding=\"async\" width=\"1024\" height=\"576\" src=\"https:\/\/mpbikers.pl\/wp-content\/uploads\/2025\/11\/IMG-20251127-WA0006-1024x576.jpg\" alt=\"\" class=\"wp-image-1103 size-full\" srcset=\"https:\/\/mpbikers.pl\/wp-content\/uploads\/2025\/11\/IMG-20251127-WA0006-1024x576.jpg 1024w, https:\/\/mpbikers.pl\/wp-content\/uploads\/2025\/11\/IMG-20251127-WA0006-300x169.jpg 300w, https:\/\/mpbikers.pl\/wp-content\/uploads\/2025\/11\/IMG-20251127-WA0006-768x432.jpg 768w, https:\/\/mpbikers.pl\/wp-content\/uploads\/2025\/11\/IMG-20251127-WA0006-1536x864.jpg 1536w, https:\/\/mpbikers.pl\/wp-content\/uploads\/2025\/11\/IMG-20251127-WA0006-800x450.jpg 800w, https:\/\/mpbikers.pl\/wp-content\/uploads\/2025\/11\/IMG-20251127-WA0006.jpg 1600w\" sizes=\"(max-width: 1024px) 100vw, 1024px\" \/><\/figure><div class=\"wp-block-media-text__content\">\n<p>Jak wida\u0107 zainteresowanie by\u0142o prawie 100% \ud83d\ude42<\/p>\n<\/div><\/div>\n\n\n\n<figure class=\"wp-block-gallery has-nested-images columns-default is-cropped wp-block-gallery-1 is-layout-flex wp-block-gallery-is-layout-flex\">\n<figure class=\"wp-block-image size-large\"><img decoding=\"async\" width=\"1024\" height=\"576\" data-id=\"1104\" src=\"https:\/\/mpbikers.pl\/wp-content\/uploads\/2025\/11\/IMG-20251127-WA0007-1024x576.jpg\" alt=\"\" class=\"wp-image-1104\" srcset=\"https:\/\/mpbikers.pl\/wp-content\/uploads\/2025\/11\/IMG-20251127-WA0007-1024x576.jpg 1024w, https:\/\/mpbikers.pl\/wp-content\/uploads\/2025\/11\/IMG-20251127-WA0007-300x169.jpg 300w, https:\/\/mpbikers.pl\/wp-content\/uploads\/2025\/11\/IMG-20251127-WA0007-768x432.jpg 768w, https:\/\/mpbikers.pl\/wp-content\/uploads\/2025\/11\/IMG-20251127-WA0007-1536x864.jpg 1536w, https:\/\/mpbikers.pl\/wp-content\/uploads\/2025\/11\/IMG-20251127-WA0007-800x450.jpg 800w, https:\/\/mpbikers.pl\/wp-content\/uploads\/2025\/11\/IMG-20251127-WA0007.jpg 1600w\" sizes=\"(max-width: 1024px) 100vw, 1024px\" \/><\/figure>\n\n\n\n<figure class=\"wp-block-image size-large\"><img loading=\"lazy\" decoding=\"async\" width=\"1024\" height=\"576\" data-id=\"1105\" src=\"https:\/\/mpbikers.pl\/wp-content\/uploads\/2025\/11\/IMG-20251127-WA0008-1024x576.jpg\" alt=\"\" class=\"wp-image-1105\" srcset=\"https:\/\/mpbikers.pl\/wp-content\/uploads\/2025\/11\/IMG-20251127-WA0008-1024x576.jpg 1024w, https:\/\/mpbikers.pl\/wp-content\/uploads\/2025\/11\/IMG-20251127-WA0008-300x169.jpg 300w, https:\/\/mpbikers.pl\/wp-content\/uploads\/2025\/11\/IMG-20251127-WA0008-768x432.jpg 768w, https:\/\/mpbikers.pl\/wp-content\/uploads\/2025\/11\/IMG-20251127-WA0008-1536x864.jpg 1536w, https:\/\/mpbikers.pl\/wp-content\/uploads\/2025\/11\/IMG-20251127-WA0008-800x450.jpg 800w, https:\/\/mpbikers.pl\/wp-content\/uploads\/2025\/11\/IMG-20251127-WA0008.jpg 1600w\" sizes=\"(max-width: 1024px) 100vw, 1024px\" \/><\/figure>\n<\/figure>\n","protected":false},"excerpt":{"rendered":"<p>W dniu 18 pa\u017adziernika br. w naszej siedzibie klubowej w Toruniu po raz pierwszy spotkali\u015bmy si\u0119 jako oficjalni cz\u0142onkowie \u017bandarmskiego Klubu Motocyklowego. Opr\u00f3cz om\u00f3wienia spraw bie\u017c\u0105cych uzgodnili\u015bmy tak\u017ce zarys naszych przedsi\u0119wzi\u0119\u0107 na przysz\u0142y rok. Na chwile obecn\u0105 maszyny klubowe &#8222;stygn\u0105&#8221; w gara\u017cach. Czekamy na wiosn\u0119\u2026 Jak wida\u0107 zainteresowanie by\u0142o prawie 100% \ud83d\ude42<\/p>\n","protected":false},"author":1,"featured_media":1102,"comment_status":"open","ping_status":"open","sticky":false,"template":"","format":"standard","meta":{"ocean_post_layout":"","ocean_both_sidebars_style":"","ocean_both_sidebars_content_width":0,"ocean_both_sidebars_sidebars_width":0,"ocean_sidebar":"","ocean_second_sidebar":"","ocean_disable_margins":"enable","ocean_add_body_class":"","ocean_shortcode_before_top_bar":"","ocean_shortcode_after_top_bar":"","ocean_shortcode_before_header":"","ocean_shortcode_after_header":"","ocean_has_shortcode":"","ocean_shortcode_after_title":"","ocean_shortcode_before_footer_widgets":"","ocean_shortcode_after_footer_widgets":"","ocean_shortcode_before_footer_bottom":"","ocean_shortcode_after_footer_bottom":"","ocean_display_top_bar":"default","ocean_display_header":"default","ocean_header_style":"","ocean_center_header_left_menu":"","ocean_custom_header_template":"","ocean_custom_logo":0,"ocean_custom_retina_logo":0,"ocean_custom_logo_max_width":0,"ocean_custom_logo_tablet_max_width":0,"ocean_custom_logo_mobile_max_width":0,"ocean_custom_logo_max_height":0,"ocean_custom_logo_tablet_max_height":0,"ocean_custom_logo_mobile_max_height":0,"ocean_header_custom_menu":"","ocean_menu_typo_font_family":"","ocean_menu_typo_font_subset":"","ocean_menu_typo_font_size":0,"ocean_menu_typo_font_size_tablet":0,"ocean_menu_typo_font_size_mobile":0,"ocean_menu_typo_font_size_unit":"px","ocean_menu_typo_font_weight":"","ocean_menu_typo_font_weight_tablet":"","ocean_menu_typo_font_weight_mobile":"","ocean_menu_typo_transform":"","ocean_menu_typo_transform_tablet":"","ocean_menu_typo_transform_mobile":"","ocean_menu_typo_line_height":0,"ocean_menu_typo_line_height_tablet":0,"ocean_menu_typo_line_height_mobile":0,"ocean_menu_typo_line_height_unit":"","ocean_menu_typo_spacing":0,"ocean_menu_typo_spacing_tablet":0,"ocean_menu_typo_spacing_mobile":0,"ocean_menu_typo_spacing_unit":"","ocean_menu_link_color":"","ocean_menu_link_color_hover":"","ocean_menu_link_color_active":"","ocean_menu_link_background":"","ocean_menu_link_hover_background":"","ocean_menu_link_active_background":"","ocean_menu_social_links_bg":"","ocean_menu_social_hover_links_bg":"","ocean_menu_social_links_color":"","ocean_menu_social_hover_links_color":"","ocean_disable_title":"default","ocean_disable_heading":"default","ocean_post_title":"","ocean_post_subheading":"","ocean_post_title_style":"","ocean_post_title_background_color":"","ocean_post_title_background":0,"ocean_post_title_bg_image_position":"","ocean_post_title_bg_image_attachment":"","ocean_post_title_bg_image_repeat":"","ocean_post_title_bg_image_size":"","ocean_post_title_height":0,"ocean_post_title_bg_overlay":0.5,"ocean_post_title_bg_overlay_color":"","ocean_disable_breadcrumbs":"default","ocean_breadcrumbs_color":"","ocean_breadcrumbs_separator_color":"","ocean_breadcrumbs_links_color":"","ocean_breadcrumbs_links_hover_color":"","ocean_display_footer_widgets":"default","ocean_display_footer_bottom":"default","ocean_custom_footer_template":"","omw_enable_modal_window":"enable","ocean_post_oembed":"","ocean_post_self_hosted_media":"","ocean_post_video_embed":"","ocean_link_format":"","ocean_link_format_target":"self","ocean_quote_format":"","ocean_quote_format_link":"post","ocean_gallery_link_images":"on","ocean_gallery_id":[],"footnotes":""},"categories":[1],"tags":[],"class_list":["post-1101","post","type-post","status-publish","format-standard","has-post-thumbnail","hentry","category-wydarzenia","entry","has-media"],"yoast_head":"<!-- This site is optimized with the Yoast SEO plugin v27.4 - https:\/\/yoast.com\/product\/yoast-seo-wordpress\/ -->\n<title>Zebranie klubowe. - Toru\u0144ski \u017bandarmski Klub Motocyklowy<\/title>\n<meta name=\"robots\" content=\"index, follow, max-snippet:-1, max-image-preview:large, max-video-preview:-1\" \/>\n<link rel=\"canonical\" href=\"https:\/\/mpbikers.pl\/?p=1101\" \/>\n<meta property=\"og:locale\" content=\"pl_PL\" \/>\n<meta property=\"og:type\" content=\"article\" \/>\n<meta property=\"og:title\" content=\"Zebranie klubowe. - Toru\u0144ski \u017bandarmski Klub Motocyklowy\" \/>\n<meta property=\"og:description\" content=\"W dniu 18 pa\u017adziernika br. w naszej siedzibie klubowej w Toruniu po raz pierwszy spotkali\u015bmy si\u0119 jako oficjalni cz\u0142onkowie \u017bandarmskiego Klubu Motocyklowego. Opr\u00f3cz om\u00f3wienia spraw bie\u017c\u0105cych uzgodnili\u015bmy tak\u017ce zarys naszych przedsi\u0119wzi\u0119\u0107 na przysz\u0142y rok. Na chwile obecn\u0105 maszyny klubowe &#8222;stygn\u0105&#8221; w gara\u017cach. Czekamy na wiosn\u0119\u2026 Jak wida\u0107 zainteresowanie by\u0142o prawie 100% \ud83d\ude42\" \/>\n<meta property=\"og:url\" content=\"https:\/\/mpbikers.pl\/?p=1101\" \/>\n<meta property=\"og:site_name\" content=\"Toru\u0144ski \u017bandarmski Klub Motocyklowy\" \/>\n<meta property=\"article:published_time\" content=\"2025-11-27T12:15:59+00:00\" \/>\n<meta property=\"article:modified_time\" content=\"2025-11-27T13:10:37+00:00\" \/>\n<meta property=\"og:image\" content=\"https:\/\/mpbikers.pl\/wp-content\/uploads\/2025\/11\/IMG-20251127-WA0005.jpg\" \/>\n\t<meta property=\"og:image:width\" content=\"1600\" \/>\n\t<meta property=\"og:image:height\" content=\"900\" \/>\n\t<meta property=\"og:image:type\" content=\"image\/jpeg\" \/>\n<meta name=\"author\" content=\"admin\" \/>\n<meta name=\"twitter:card\" content=\"summary_large_image\" \/>\n<meta name=\"twitter:label1\" content=\"Napisane przez\" \/>\n\t<meta name=\"twitter:data1\" content=\"admin\" \/>\n\t<meta name=\"twitter:label2\" content=\"Szacowany czas czytania\" \/>\n\t<meta name=\"twitter:data2\" content=\"2 minuty\" \/>\n<script type=\"application\/ld+json\" class=\"yoast-schema-graph\">{\"@context\":\"https:\\\/\\\/schema.org\",\"@graph\":[{\"@type\":\"Article\",\"@id\":\"https:\\\/\\\/mpbikers.pl\\\/?p=1101#article\",\"isPartOf\":{\"@id\":\"https:\\\/\\\/mpbikers.pl\\\/?p=1101\"},\"author\":{\"name\":\"admin\",\"@id\":\"https:\\\/\\\/mpbikers.pl\\\/#\\\/schema\\\/person\\\/48aeac13684c590d2751653a336a04c8\"},\"headline\":\"Zebranie klubowe.\",\"datePublished\":\"2025-11-27T12:15:59+00:00\",\"dateModified\":\"2025-11-27T13:10:37+00:00\",\"mainEntityOfPage\":{\"@id\":\"https:\\\/\\\/mpbikers.pl\\\/?p=1101\"},\"wordCount\":63,\"commentCount\":0,\"publisher\":{\"@id\":\"https:\\\/\\\/mpbikers.pl\\\/#organization\"},\"image\":{\"@id\":\"https:\\\/\\\/mpbikers.pl\\\/?p=1101#primaryimage\"},\"thumbnailUrl\":\"https:\\\/\\\/mpbikers.pl\\\/wp-content\\\/uploads\\\/2025\\\/11\\\/IMG-20251127-WA0005.jpg\",\"articleSection\":[\"Wydarzenia\"],\"inLanguage\":\"pl-PL\",\"potentialAction\":[{\"@type\":\"CommentAction\",\"name\":\"Comment\",\"target\":[\"https:\\\/\\\/mpbikers.pl\\\/?p=1101#respond\"]}]},{\"@type\":\"WebPage\",\"@id\":\"https:\\\/\\\/mpbikers.pl\\\/?p=1101\",\"url\":\"https:\\\/\\\/mpbikers.pl\\\/?p=1101\",\"name\":\"Zebranie klubowe. - Toru\u0144ski \u017bandarmski Klub Motocyklowy\",\"isPartOf\":{\"@id\":\"https:\\\/\\\/mpbikers.pl\\\/#website\"},\"primaryImageOfPage\":{\"@id\":\"https:\\\/\\\/mpbikers.pl\\\/?p=1101#primaryimage\"},\"image\":{\"@id\":\"https:\\\/\\\/mpbikers.pl\\\/?p=1101#primaryimage\"},\"thumbnailUrl\":\"https:\\\/\\\/mpbikers.pl\\\/wp-content\\\/uploads\\\/2025\\\/11\\\/IMG-20251127-WA0005.jpg\",\"datePublished\":\"2025-11-27T12:15:59+00:00\",\"dateModified\":\"2025-11-27T13:10:37+00:00\",\"breadcrumb\":{\"@id\":\"https:\\\/\\\/mpbikers.pl\\\/?p=1101#breadcrumb\"},\"inLanguage\":\"pl-PL\",\"potentialAction\":[{\"@type\":\"ReadAction\",\"target\":[\"https:\\\/\\\/mpbikers.pl\\\/?p=1101\"]}]},{\"@type\":\"ImageObject\",\"inLanguage\":\"pl-PL\",\"@id\":\"https:\\\/\\\/mpbikers.pl\\\/?p=1101#primaryimage\",\"url\":\"https:\\\/\\\/mpbikers.pl\\\/wp-content\\\/uploads\\\/2025\\\/11\\\/IMG-20251127-WA0005.jpg\",\"contentUrl\":\"https:\\\/\\\/mpbikers.pl\\\/wp-content\\\/uploads\\\/2025\\\/11\\\/IMG-20251127-WA0005.jpg\",\"width\":1600,\"height\":900},{\"@type\":\"BreadcrumbList\",\"@id\":\"https:\\\/\\\/mpbikers.pl\\\/?p=1101#breadcrumb\",\"itemListElement\":[{\"@type\":\"ListItem\",\"position\":1,\"name\":\"Strona g\u0142\u00f3wna\",\"item\":\"https:\\\/\\\/mpbikers.pl\\\/\"},{\"@type\":\"ListItem\",\"position\":2,\"name\":\"Zebranie klubowe.\"}]},{\"@type\":\"WebSite\",\"@id\":\"https:\\\/\\\/mpbikers.pl\\\/#website\",\"url\":\"https:\\\/\\\/mpbikers.pl\\\/\",\"name\":\"Toru\u0144ski \u017bandarmski Klub Motocyklowy\",\"description\":\"Z pasj\u0105 do motocykli\",\"publisher\":{\"@id\":\"https:\\\/\\\/mpbikers.pl\\\/#organization\"},\"potentialAction\":[{\"@type\":\"SearchAction\",\"target\":{\"@type\":\"EntryPoint\",\"urlTemplate\":\"https:\\\/\\\/mpbikers.pl\\\/?s={search_term_string}\"},\"query-input\":{\"@type\":\"PropertyValueSpecification\",\"valueRequired\":true,\"valueName\":\"search_term_string\"}}],\"inLanguage\":\"pl-PL\"},{\"@type\":\"Organization\",\"@id\":\"https:\\\/\\\/mpbikers.pl\\\/#organization\",\"name\":\"Toru\u0144ski \u017bandarmski Klub Motocyklowy\",\"url\":\"https:\\\/\\\/mpbikers.pl\\\/\",\"logo\":{\"@type\":\"ImageObject\",\"inLanguage\":\"pl-PL\",\"@id\":\"https:\\\/\\\/mpbikers.pl\\\/#\\\/schema\\\/logo\\\/image\\\/\",\"url\":\"https:\\\/\\\/mpbikers.pl\\\/wp-content\\\/uploads\\\/2025\\\/10\\\/cropped-cropped-godlo-scaled-1.png\",\"contentUrl\":\"https:\\\/\\\/mpbikers.pl\\\/wp-content\\\/uploads\\\/2025\\\/10\\\/cropped-cropped-godlo-scaled-1.png\",\"width\":2557,\"height\":1537,\"caption\":\"Toru\u0144ski \u017bandarmski Klub Motocyklowy\"},\"image\":{\"@id\":\"https:\\\/\\\/mpbikers.pl\\\/#\\\/schema\\\/logo\\\/image\\\/\"}},{\"@type\":\"Person\",\"@id\":\"https:\\\/\\\/mpbikers.pl\\\/#\\\/schema\\\/person\\\/48aeac13684c590d2751653a336a04c8\",\"name\":\"admin\",\"image\":{\"@type\":\"ImageObject\",\"inLanguage\":\"pl-PL\",\"@id\":\"https:\\\/\\\/secure.gravatar.com\\\/avatar\\\/41b34271d518d5ad4caf4ab6e579852dca5d15d22133c412a7b09b57908f7fa9?s=96&d=mm&r=g\",\"url\":\"https:\\\/\\\/secure.gravatar.com\\\/avatar\\\/41b34271d518d5ad4caf4ab6e579852dca5d15d22133c412a7b09b57908f7fa9?s=96&d=mm&r=g\",\"contentUrl\":\"https:\\\/\\\/secure.gravatar.com\\\/avatar\\\/41b34271d518d5ad4caf4ab6e579852dca5d15d22133c412a7b09b57908f7fa9?s=96&d=mm&r=g\",\"caption\":\"admin\"},\"sameAs\":[\"http:\\\/\\\/mpbikers.pl\"],\"url\":\"https:\\\/\\\/mpbikers.pl\\\/?author=1\"}]}<\/script>\n<!-- \/ Yoast SEO plugin. -->","yoast_head_json":{"title":"Zebranie klubowe. - Toru\u0144ski \u017bandarmski Klub Motocyklowy","robots":{"index":"index","follow":"follow","max-snippet":"max-snippet:-1","max-image-preview":"max-image-preview:large","max-video-preview":"max-video-preview:-1"},"canonical":"https:\/\/mpbikers.pl\/?p=1101","og_locale":"pl_PL","og_type":"article","og_title":"Zebranie klubowe. - Toru\u0144ski \u017bandarmski Klub Motocyklowy","og_description":"W dniu 18 pa\u017adziernika br. w naszej siedzibie klubowej w Toruniu po raz pierwszy spotkali\u015bmy si\u0119 jako oficjalni cz\u0142onkowie \u017bandarmskiego Klubu Motocyklowego. Opr\u00f3cz om\u00f3wienia spraw bie\u017c\u0105cych uzgodnili\u015bmy tak\u017ce zarys naszych przedsi\u0119wzi\u0119\u0107 na przysz\u0142y rok. Na chwile obecn\u0105 maszyny klubowe &#8222;stygn\u0105&#8221; w gara\u017cach. Czekamy na wiosn\u0119\u2026 Jak wida\u0107 zainteresowanie by\u0142o prawie 100% \ud83d\ude42","og_url":"https:\/\/mpbikers.pl\/?p=1101","og_site_name":"Toru\u0144ski \u017bandarmski Klub Motocyklowy","article_published_time":"2025-11-27T12:15:59+00:00","article_modified_time":"2025-11-27T13:10:37+00:00","og_image":[{"width":1600,"height":900,"url":"https:\/\/mpbikers.pl\/wp-content\/uploads\/2025\/11\/IMG-20251127-WA0005.jpg","type":"image\/jpeg"}],"author":"admin","twitter_card":"summary_large_image","twitter_misc":{"Napisane przez":"admin","Szacowany czas czytania":"2 minuty"},"schema":{"@context":"https:\/\/schema.org","@graph":[{"@type":"Article","@id":"https:\/\/mpbikers.pl\/?p=1101#article","isPartOf":{"@id":"https:\/\/mpbikers.pl\/?p=1101"},"author":{"name":"admin","@id":"https:\/\/mpbikers.pl\/#\/schema\/person\/48aeac13684c590d2751653a336a04c8"},"headline":"Zebranie klubowe.","datePublished":"2025-11-27T12:15:59+00:00","dateModified":"2025-11-27T13:10:37+00:00","mainEntityOfPage":{"@id":"https:\/\/mpbikers.pl\/?p=1101"},"wordCount":63,"commentCount":0,"publisher":{"@id":"https:\/\/mpbikers.pl\/#organization"},"image":{"@id":"https:\/\/mpbikers.pl\/?p=1101#primaryimage"},"thumbnailUrl":"https:\/\/mpbikers.pl\/wp-content\/uploads\/2025\/11\/IMG-20251127-WA0005.jpg","articleSection":["Wydarzenia"],"inLanguage":"pl-PL","potentialAction":[{"@type":"CommentAction","name":"Comment","target":["https:\/\/mpbikers.pl\/?p=1101#respond"]}]},{"@type":"WebPage","@id":"https:\/\/mpbikers.pl\/?p=1101","url":"https:\/\/mpbikers.pl\/?p=1101","name":"Zebranie klubowe. - Toru\u0144ski \u017bandarmski Klub Motocyklowy","isPartOf":{"@id":"https:\/\/mpbikers.pl\/#website"},"primaryImageOfPage":{"@id":"https:\/\/mpbikers.pl\/?p=1101#primaryimage"},"image":{"@id":"https:\/\/mpbikers.pl\/?p=1101#primaryimage"},"thumbnailUrl":"https:\/\/mpbikers.pl\/wp-content\/uploads\/2025\/11\/IMG-20251127-WA0005.jpg","datePublished":"2025-11-27T12:15:59+00:00","dateModified":"2025-11-27T13:10:37+00:00","breadcrumb":{"@id":"https:\/\/mpbikers.pl\/?p=1101#breadcrumb"},"inLanguage":"pl-PL","potentialAction":[{"@type":"ReadAction","target":["https:\/\/mpbikers.pl\/?p=1101"]}]},{"@type":"ImageObject","inLanguage":"pl-PL","@id":"https:\/\/mpbikers.pl\/?p=1101#primaryimage","url":"https:\/\/mpbikers.pl\/wp-content\/uploads\/2025\/11\/IMG-20251127-WA0005.jpg","contentUrl":"https:\/\/mpbikers.pl\/wp-content\/uploads\/2025\/11\/IMG-20251127-WA0005.jpg","width":1600,"height":900},{"@type":"BreadcrumbList","@id":"https:\/\/mpbikers.pl\/?p=1101#breadcrumb","itemListElement":[{"@type":"ListItem","position":1,"name":"Strona g\u0142\u00f3wna","item":"https:\/\/mpbikers.pl\/"},{"@type":"ListItem","position":2,"name":"Zebranie klubowe."}]},{"@type":"WebSite","@id":"https:\/\/mpbikers.pl\/#website","url":"https:\/\/mpbikers.pl\/","name":"Toru\u0144ski \u017bandarmski Klub Motocyklowy","description":"Z pasj\u0105 do motocykli","publisher":{"@id":"https:\/\/mpbikers.pl\/#organization"},"potentialAction":[{"@type":"SearchAction","target":{"@type":"EntryPoint","urlTemplate":"https:\/\/mpbikers.pl\/?s={search_term_string}"},"query-input":{"@type":"PropertyValueSpecification","valueRequired":true,"valueName":"search_term_string"}}],"inLanguage":"pl-PL"},{"@type":"Organization","@id":"https:\/\/mpbikers.pl\/#organization","name":"Toru\u0144ski \u017bandarmski Klub Motocyklowy","url":"https:\/\/mpbikers.pl\/","logo":{"@type":"ImageObject","inLanguage":"pl-PL","@id":"https:\/\/mpbikers.pl\/#\/schema\/logo\/image\/","url":"https:\/\/mpbikers.pl\/wp-content\/uploads\/2025\/10\/cropped-cropped-godlo-scaled-1.png","contentUrl":"https:\/\/mpbikers.pl\/wp-content\/uploads\/2025\/10\/cropped-cropped-godlo-scaled-1.png","width":2557,"height":1537,"caption":"Toru\u0144ski \u017bandarmski Klub Motocyklowy"},"image":{"@id":"https:\/\/mpbikers.pl\/#\/schema\/logo\/image\/"}},{"@type":"Person","@id":"https:\/\/mpbikers.pl\/#\/schema\/person\/48aeac13684c590d2751653a336a04c8","name":"admin","image":{"@type":"ImageObject","inLanguage":"pl-PL","@id":"https:\/\/secure.gravatar.com\/avatar\/41b34271d518d5ad4caf4ab6e579852dca5d15d22133c412a7b09b57908f7fa9?s=96&d=mm&r=g","url":"https:\/\/secure.gravatar.com\/avatar\/41b34271d518d5ad4caf4ab6e579852dca5d15d22133c412a7b09b57908f7fa9?s=96&d=mm&r=g","contentUrl":"https:\/\/secure.gravatar.com\/avatar\/41b34271d518d5ad4caf4ab6e579852dca5d15d22133c412a7b09b57908f7fa9?s=96&d=mm&r=g","caption":"admin"},"sameAs":["http:\/\/mpbikers.pl"],"url":"https:\/\/mpbikers.pl\/?author=1"}]}},"_links":{"self":[{"href":"https:\/\/mpbikers.pl\/index.php?rest_route=\/wp\/v2\/posts\/1101","targetHints":{"allow":["GET"]}}],"collection":[{"href":"https:\/\/mpbikers.pl\/index.php?rest_route=\/wp\/v2\/posts"}],"about":[{"href":"https:\/\/mpbikers.pl\/index.php?rest_route=\/wp\/v2\/types\/post"}],"author":[{"embeddable":true,"href":"https:\/\/mpbikers.pl\/index.php?rest_route=\/wp\/v2\/users\/1"}],"replies":[{"embeddable":true,"href":"https:\/\/mpbikers.pl\/index.php?rest_route=%2Fwp%2Fv2%2Fcomments&post=1101"}],"version-history":[{"count":2,"href":"https:\/\/mpbikers.pl\/index.php?rest_route=\/wp\/v2\/posts\/1101\/revisions"}],"predecessor-version":[{"id":1107,"href":"https:\/\/mpbikers.pl\/index.php?rest_route=\/wp\/v2\/posts\/1101\/revisions\/1107"}],"wp:featuredmedia":[{"embeddable":true,"href":"https:\/\/mpbikers.pl\/index.php?rest_route=\/wp\/v2\/media\/1102"}],"wp:attachment":[{"href":"https:\/\/mpbikers.pl\/index.php?rest_route=%2Fwp%2Fv2%2Fmedia&parent=1101"}],"wp:term":[{"taxonomy":"category","embeddable":true,"href":"https:\/\/mpbikers.pl\/index.php?rest_route=%2Fwp%2Fv2%2Fcategories&post=1101"},{"taxonomy":"post_tag","embeddable":true,"href":"https:\/\/mpbikers.pl\/index.php?rest_route=%2Fwp%2Fv2%2Ftags&post=1101"}],"curies":[{"name":"wp","href":"https:\/\/api.w.org\/{rel}","templated":true}]}}